{"id":10485,"date":"2018-09-24T12:43:46","date_gmt":"2018-09-24T15:43:46","guid":{"rendered":"https:\/\/blogs.correiobraziliense.com.br\/servidor\/?p=10485"},"modified":"2018-09-24T12:43:46","modified_gmt":"2018-09-24T15:43:46","slug":"funpesp-jud-migrei-nao-aderi-e-agora","status":"publish","type":"post","link":"https:\/\/blogs.correiobraziliense.com.br\/servidor\/funpesp-jud-migrei-nao-aderi-e-agora\/","title":{"rendered":"Funpesp-Jud: Migrei, n\u00e3o aderi, e agora?"},"content":{"rendered":"<p><em>Pr\u00f3ximo webinar do Funpresp-Jud ser\u00e1 amanh\u00e3 (25 de setembro) das 16h \u00e0s 18h, com o\u00a0diretor de Seguridade, Edmilson Enedino das Chaga. As\u00a0 regras do\u00a0Plano de Benef\u00edcios JusMP-Prev,\u00a0o que \u00e9 preciso fazer para\u00a0aderir,\u00a0qual\u00a0regime de tributa\u00e7\u00e3o escolher,\u00a0benef\u00edcio fiscal,\u00a0patroc\u00ednio do \u00f3rg\u00e3o em que trabalha, dentre outros assuntos<\/em><\/p>\n<p>O objetivo da Funda\u00e7\u00e3o \u00e9 informar cada vez mais todos os interessados, oferecer uma previd\u00eancia complementar s\u00f3lida e segura para os membros e servidores do\u00a0Poder Judici\u00e1rio Federal\u00a0e do\u00a0Minist\u00e9rio P\u00fablico da Uni\u00e3o.\u00a0O webinar tratar\u00e1 diversos de temas, tais como\u00a0rentabilidade dos investimentos, portabilidade, legisla\u00e7\u00e3o previdenci\u00e1ria, pens\u00e3o em caso de morte e invalidez, entre outros.<\/p>\n<p>Edmilson pretende esclarecer todas as d\u00favidas para que o interessado possa aderir ao Plano de Benef\u00edcios como\u00a0participante patrocinado, com direito \u00e0 contrapartida da Uni\u00e3o. De acordo com nota publicada no site da Funda\u00e7\u00e3o, &#8220;aquele que optou pela\u00a0migra\u00e7\u00e3o\u00a0ter\u00e1 direito a\u00a0aposentadoria\u00a0limitada ao teto do RGPS e ao benef\u00edcio especial pagos pelo RPPS da Uni\u00e3o, poder\u00e1 complementar sua renda e ter tranquilidade aderindo ao JusMP-Prev, com o benef\u00edcio pago pela Funpresp-Jud, calculado com base na reserva acumulada da sua conta individual&#8221;.<\/p>\n<p>&#8220;O servidor que migrou e ainda n\u00e3o aderiu sofrer\u00e1 perda de valor significativo na sua renda quando se aposentar. A Funda\u00e7\u00e3o proporciona comodidade para investir, pois o valor da contribui\u00e7\u00e3o \u00e9 descontado diretamente do contracheque. Quem ainda n\u00e3o optou, precisar\u00e1 ter disciplina e conhecimento suficientes para todo m\u00eas fazer suas aplica\u00e7\u00f5es sozinho, sem a contrapartida da institui\u00e7\u00e3o que trabalha&#8221;, destaca a nota.<\/p>\n<p>As al\u00edquotas de contribui\u00e7\u00e3o para a Funda\u00e7\u00e3o variam de 6,5% a 8,5% sobre a remunera\u00e7\u00e3o de participa\u00e7\u00e3o, que \u00e9 a diferen\u00e7a entre a o teto do INSS (R$ 5.645,80) e a remunera\u00e7\u00e3o recebida pelo membro ou servidor.<\/p>\n<p>&#8220;Atualmente a Funda\u00e7\u00e3o j\u00e1 realizou mais de 3 mil ades\u00f5es de membros e servidores que migraram de regime, j\u00e1 s\u00e3o mais de 14 mil participantes do JusMP-Prev.\u00a0O webinar \u00e9 um evento interativo pela internet, acessado por meio de um link, no qual pessoas de todo o Brasil pode participar, com data e hor\u00e1rio marcado, as perguntas e respostas s\u00e3o em tempo real, por um\u00a0chat.\u00a0Ao final, o palestrante responder\u00e1 as perguntas&#8221;, indica o documento.<\/p>\n<p><em>Servi\u00e7o<\/em>:<\/p>\n<p>Webinar:\u00a0Migrei, n\u00e3o aderi, e agora?<br \/>\nDia: 25\/09\/2018 (ter\u00e7a-feira)<br \/>\nHor\u00e1rio: Das 16h \u00e0s 18h (hor\u00e1rio de Bras\u00edlia)<br \/>\nLink de acesso ao webinar:\u00a0<a href=\"http:\/\/www.funprespjud.com.br\/webinar\">www.funprespjud.com.br\/webinar<br \/>\n<\/a>Informa\u00e7\u00f5es:\u00a0<a href=\"mailto:eventos@funprespjud.com.br\">eventos@funprespjud.com.br<br \/>\n<\/a>Inscri\u00e7\u00f5es gratuitas<\/p>\n","protected":false},"excerpt":{"rendered":"<p>Pr\u00f3ximo webinar do Funpresp-Jud ser\u00e1 amanh\u00e3 (25 de setembro) das 16h \u00e0s 18h, com o\u00a0diretor de Seguridade, Edmilson Enedino das Chaga. As\u00a0 regras do\u00a0Plano de Benef\u00edcios JusMP-Prev,\u00a0o que \u00e9 preciso fazer para\u00a0aderir,\u00a0qual\u00a0regime de tributa\u00e7\u00e3o escolher,\u00a0benef\u00edcio fiscal,\u00a0patroc\u00ednio do \u00f3rg\u00e3o em que trabalha, dentre outros assuntos O objetivo da Funda\u00e7\u00e3o \u00e9 informar cada vez mais todos os interessados, oferecer uma previd\u00eancia complementar [&hellip;]<\/p>\n","protected":false},"author":27,"featured_media":0,"comment_status":"open","ping_status":"closed","sticky":false,"template":"","format":"standard","meta":{"footnotes":""},"categories":[2719],"tags":[6,7,3137,12448,2731,1008,13550,2092,156,10651,1746,5822,3374,13549,13552,13553,549,132,2325,6767,702,590,588,13548,58,4258,13551,330,13547],"class_list":["post-10485","post","type-post","status-publish","format-standard","hentry","category-servidor","tag-aposentadoria","tag-complementar","tag-contrapartida","tag-funpresp-jud","tag-invalidez","tag-investimentos","tag-jusmp-prev","tag-legislacao","tag-membros","tag-ministerio-publico-da-uniao","tag-morte","tag-patrocinio","tag-pensao","tag-plano-de-beneficios","tag-poder-judiciario-federal","tag-portabilidade","tag-previdencia","tag-previdenciaria","tag-regime","tag-rentabilidade","tag-reserva","tag-rgps","tag-rpps","tag-seguridae","tag-servidores","tag-temas","tag-tributacao-fiscal","tag-uniao","tag-webinar"],"_links":{"self":[{"href":"https:\/\/blogs.correiobraziliense.com.br\/servidor\/wp-json\/wp\/v2\/posts\/10485","targetHints":{"allow":["GET"]}}],"collection":[{"href":"https:\/\/blogs.correiobraziliense.com.br\/servidor\/wp-json\/wp\/v2\/posts"}],"about":[{"href":"https:\/\/blogs.correiobraziliense.com.br\/servidor\/wp-json\/wp\/v2\/types\/post"}],"author":[{"embeddable":true,"href":"https:\/\/blogs.correiobraziliense.com.br\/servidor\/wp-json\/wp\/v2\/users\/27"}],"replies":[{"embeddable":true,"href":"https:\/\/blogs.correiobraziliense.com.br\/servidor\/wp-json\/wp\/v2\/comments?post=10485"}],"version-history":[{"count":1,"href":"https:\/\/blogs.correiobraziliense.com.br\/servidor\/wp-json\/wp\/v2\/posts\/10485\/revisions"}],"predecessor-version":[{"id":10486,"href":"https:\/\/blogs.correiobraziliense.com.br\/servidor\/wp-json\/wp\/v2\/posts\/10485\/revisions\/10486"}],"wp:attachment":[{"href":"https:\/\/blogs.correiobraziliense.com.br\/servidor\/wp-json\/wp\/v2\/media?parent=10485"}],"wp:term":[{"taxonomy":"category","embeddable":true,"href":"https:\/\/blogs.correiobraziliense.com.br\/servidor\/wp-json\/wp\/v2\/categories?post=10485"},{"taxonomy":"post_tag","embeddable":true,"href":"https:\/\/blogs.correiobraziliense.com.br\/servidor\/wp-json\/wp\/v2\/tags?post=10485"}],"curies":[{"name":"wp","href":"https:\/\/api.w.org\/{rel}","templated":true}]}}