{"id":10467,"date":"2018-09-21T14:51:15","date_gmt":"2018-09-21T17:51:15","guid":{"rendered":"https:\/\/blogs.correiobraziliense.com.br\/servidor\/?p=10467"},"modified":"2018-09-21T14:51:15","modified_gmt":"2018-09-21T17:51:15","slug":"seminario-da-amcham-discute-futuro-da-saude-no-brasil","status":"publish","type":"post","link":"https:\/\/blogs.correiobraziliense.com.br\/servidor\/seminario-da-amcham-discute-futuro-da-saude-no-brasil\/","title":{"rendered":"Semin\u00e1rio da Amcham discute futuro da sa\u00fade no Brasil"},"content":{"rendered":"<p><em>Gerir o bem-estar do paciente com o uso de tecnologias passar\u00e1 a ser o foco do setor nos pr\u00f3ximos anos.\u00a0Semin\u00e1rio \u201cRevolu\u00e7\u00e3o Tecnol\u00f3gica na Sa\u00fade e uma Nova Era De Possibilidades\u201d acontece no dia 27 de setembro,\u00a0das 8h30 \u00e0s 11 horas<\/em><\/p>\n<p>Bras\u00edlia ser\u00e1 palco de debates sobre o futuro da sa\u00fade no Brasil e o uso da tecnologia n\u00e3o s\u00f3 para a cura de doen\u00e7as, mas no controle do bem-estar dos pacientes. Acontece no dia 27 de setembro o Semin\u00e1rio \u201cRevolu\u00e7\u00e3o Tecnol\u00f3gica na Sa\u00fade e uma Nova Era De Possibilidades\u201d, promovido pela Amcham-DF, com o patroc\u00ednio da ROIT Consultoria e Contabilidade.<\/p>\n<p>O evento tratar\u00e1 sobre como as novas oportunidades trazidas pela tecnologia, que mant\u00e9m seu foco, atualmente, na melhora do controle do bem-estar do paciente e a intensifica\u00e7\u00e3o de sua rela\u00e7\u00e3o com a \u00e1rea.<\/p>\n<p>\u201cA intelig\u00eancia artificial j\u00e1 \u00e9 uma realidade em diversos segmentos, inclusive na \u00e1rea de sa\u00fade. Hospitais e m\u00e9dicos j\u00e1 se beneficiam da tecnologia para acelerar diagn\u00f3sticos, realizar procedimentos e garantir maior qualidade e seguran\u00e7a aos pacientes\u201d, explica o diretor da ROIT, Lucas Ribeiro.<\/p>\n<p>\u201cA tend\u00eancia \u00e9 de que a sa\u00fade torne-se mais unificada e controlada\u201d, avalia a coordenadora regional da Amcham Patr\u00edcia Amorim.<\/p>\n<p>Direcionado a m\u00e9dicos e demais profissionais da sa\u00fade do Distrito Federal, o semin\u00e1rio contar\u00e1 com duas palestras, sendo elas: \u201cAs oportunidades da medicina do futuro\u201d, com Bruno Sobral &#8211; Consultor Econ\u00f4mico da Confedera\u00e7\u00e3o Nacional de Sa\u00fade, e \u201cA tecnologia mudando a forma como se atende o cliente\u201d, com Leonardo Aguiar &#8211; CEO da Laduo Cocria\u00e7\u00e3o em Sa\u00fade.<\/p>\n<p>O evento acontece das 8h30 \u00e0s 11 horas na sede da ASBRACO.<\/p>\n<p style=\"font-weight: 400\"><strong>SERVI\u00c7O:<\/strong><\/p>\n<p style=\"font-weight: 400\"><strong>Evento:<\/strong>\u00a0Semin\u00e1rio \u201cA Revolu\u00e7\u00e3o Tecnol\u00f3gica na Sa\u00fade e Uma Nova Era de Possibilidades\u201d.<\/p>\n<p style=\"font-weight: 400\"><strong>Data:<\/strong>\u00a027 de setembro de 2018<\/p>\n<p style=\"font-weight: 400\"><strong>Hor\u00e1rio:<\/strong>\u00a008:30 \u00e0s 11:00<\/p>\n<p style=\"font-weight: 400\"><strong>Local:<\/strong>\u00a0ION Escrit\u00f3rios Eficientes | SGAN 601, entrada pela L2 Norte<\/p>\n","protected":false},"excerpt":{"rendered":"<p>Gerir o bem-estar do paciente com o uso de tecnologias passar\u00e1 a ser o foco do setor nos pr\u00f3ximos anos.\u00a0Semin\u00e1rio \u201cRevolu\u00e7\u00e3o Tecnol\u00f3gica na Sa\u00fade e uma Nova Era De Possibilidades\u201d acontece no dia 27 de setembro,\u00a0das 8h30 \u00e0s 11 horas Bras\u00edlia ser\u00e1 palco de debates sobre o futuro da sa\u00fade no Brasil e o uso da tecnologia n\u00e3o s\u00f3 para [&hellip;]<\/p>\n","protected":false},"author":27,"featured_media":0,"comment_status":"open","ping_status":"closed","sticky":false,"template":"","format":"standard","meta":{"footnotes":""},"categories":[2719],"tags":[4988,164,13333,5071,13534,193,5219,1200,3841,174,784,927,616,208,267,3426],"class_list":["post-10467","post","type-post","status-publish","format-standard","hentry","category-servidor","tag-bem-estar","tag-brasil","tag-cura","tag-debates","tag-diagnosticos","tag-discute","tag-doencas","tag-futuro","tag-hospitais","tag-medicos","tag-paciente","tag-procedimentos","tag-saude","tag-seguranca","tag-seminario","tag-tecnologias"],"_links":{"self":[{"href":"https:\/\/blogs.correiobraziliense.com.br\/servidor\/wp-json\/wp\/v2\/posts\/10467","targetHints":{"allow":["GET"]}}],"collection":[{"href":"https:\/\/blogs.correiobraziliense.com.br\/servidor\/wp-json\/wp\/v2\/posts"}],"about":[{"href":"https:\/\/blogs.correiobraziliense.com.br\/servidor\/wp-json\/wp\/v2\/types\/post"}],"author":[{"embeddable":true,"href":"https:\/\/blogs.correiobraziliense.com.br\/servidor\/wp-json\/wp\/v2\/users\/27"}],"replies":[{"embeddable":true,"href":"https:\/\/blogs.correiobraziliense.com.br\/servidor\/wp-json\/wp\/v2\/comments?post=10467"}],"version-history":[{"count":1,"href":"https:\/\/blogs.correiobraziliense.com.br\/servidor\/wp-json\/wp\/v2\/posts\/10467\/revisions"}],"predecessor-version":[{"id":10468,"href":"https:\/\/blogs.correiobraziliense.com.br\/servidor\/wp-json\/wp\/v2\/posts\/10467\/revisions\/10468"}],"wp:attachment":[{"href":"https:\/\/blogs.correiobraziliense.com.br\/servidor\/wp-json\/wp\/v2\/media?parent=10467"}],"wp:term":[{"taxonomy":"category","embeddable":true,"href":"https:\/\/blogs.correiobraziliense.com.br\/servidor\/wp-json\/wp\/v2\/categories?post=10467"},{"taxonomy":"post_tag","embeddable":true,"href":"https:\/\/blogs.correiobraziliense.com.br\/servidor\/wp-json\/wp\/v2\/tags?post=10467"}],"curies":[{"name":"wp","href":"https:\/\/api.w.org\/{rel}","templated":true}]}}