{"id":10409,"date":"2018-09-18T14:47:19","date_gmt":"2018-09-18T17:47:19","guid":{"rendered":"https:\/\/blogs.correiobraziliense.com.br\/servidor\/?p=10409"},"modified":"2018-09-18T14:47:19","modified_gmt":"2018-09-18T17:47:19","slug":"anamatra-ingressa-no-stf-para-que-creditos-trabalhistas-nao-sejam-remunerados-pela-taxa-referencial","status":"publish","type":"post","link":"https:\/\/blogs.correiobraziliense.com.br\/servidor\/anamatra-ingressa-no-stf-para-que-creditos-trabalhistas-nao-sejam-remunerados-pela-taxa-referencial\/","title":{"rendered":"Anamatra ingressa no STF para que cr\u00e9ditos trabalhistas n\u00e3o sejam remunerados pela taxa referencial"},"content":{"rendered":"<p><em>Para entidade, \u00edndice n\u00e3o reflete atualiza\u00e7\u00e3o monet\u00e1ria e jurisdicionados ser\u00e3o prejudicados<\/em><\/p>\n<p>A Associa\u00e7\u00e3o Nacional dos Magistrados da Justi\u00e7a do Trabalho (Anamatra) ingressou, no Supremo Tribunal Federal (STF), na \u00faltima sexta (14), com A\u00e7\u00e3o Direta de Inconstitucionalidade pedindo a inconstitucionalidade do dispositivo (\u00a7 7\u00ba do art. 879), da Lei 13.467\/2017 (reforma trabalhista), que prev\u00ea que os cr\u00e9ditos decorrentes da condena\u00e7\u00e3o judicial devem ser corrigidos pela Taxa Referencial (TR). O pedido da entidade deve ser distribu\u00eddo, por preven\u00e7\u00e3o, \u00e0 A\u00e7\u00e3o Declarat\u00f3ria de Constitucionalidade (ADC) n\u00ba 58 (que trata dos dispositivos relativos aos \u00edndices de atualiza\u00e7\u00e3o dos d\u00e9bitos e dep\u00f3sitos trabalhistaa).<br \/>\nPara a entidade, devem ser adotados o IPCA e\/ou do INPC para os c\u00e1lculos de corre\u00e7\u00e3o monet\u00e1ria de cr\u00e9ditos decorrentes das condena\u00e7\u00f5es da Justi\u00e7a do Trabalho desde as datas fixadas nas senten\u00e7as. \u201cA n\u00e3o retirada do termo causar\u00e1 um caos a Justi\u00e7a do Trabalho e dano irrepar\u00e1vel aos jurisdicionados\u201d, alerta a entidade no pedido, esclarecendo que deve ser respeitada a integridade das decis\u00f5es condenat\u00f3rias.<br \/>\nNa avalia\u00e7\u00e3o da Anamatra, a senten\u00e7a condenat\u00f3ria da Justi\u00e7a do Trabalho pressup\u00f5e a fixa\u00e7\u00e3o de um valor em pec\u00fania que n\u00e3o fora pago durante a rela\u00e7\u00e3o de trabalho, havendo necessidade imperiosa de que o valor executado contemple exatamente o valor que deixou de ser pago na \u00e9poca do vencimento da obriga\u00e7\u00e3o. \u201cN\u00e3o se trata aqui de indexa\u00e7\u00e3o da economia, objeto de tantas cr\u00edticas por economistas e juristas, mas sim de mera preserva\u00e7\u00e3o do valor real do \u2018bem da vida\u2019 que deixou de ser entregue a tempo e modo\u201d.<br \/>\n<strong>Precedente<\/strong><\/p>\n<p>No pedido, a entidade lembra que o STF tem afirmado e reafirmado a inconstitucionalidade da utiliza\u00e7\u00e3o da TR como \u00edndice destinado a promover a atualiza\u00e7\u00e3o monet\u00e1ria de qualquer valor. \u201cRaz\u00e3o pela qual n\u00e3o poderia o legislador, por \u00f3bvio, voltar a incidir nessa mesma inconstitucionalidade, agora para o fim de impor a TR para a atualiza\u00e7\u00e3o dos cr\u00e9ditos decorrentes de condena\u00e7\u00e3o judicial em feitos trabalhistas\u201d, completa.<\/p>\n","protected":false},"excerpt":{"rendered":"<p>Para entidade, \u00edndice n\u00e3o reflete atualiza\u00e7\u00e3o monet\u00e1ria e jurisdicionados ser\u00e3o prejudicados A Associa\u00e7\u00e3o Nacional dos Magistrados da Justi\u00e7a do Trabalho (Anamatra) ingressou, no Supremo Tribunal Federal (STF), na \u00faltima sexta (14), com A\u00e7\u00e3o Direta de Inconstitucionalidade pedindo a inconstitucionalidade do dispositivo (\u00a7 7\u00ba do art. 879), da Lei 13.467\/2017 (reforma trabalhista), que prev\u00ea que os cr\u00e9ditos decorrentes da condena\u00e7\u00e3o judicial [&hellip;]<\/p>\n","protected":false},"author":27,"featured_media":0,"comment_status":"open","ping_status":"closed","sticky":false,"template":"","format":"standard","meta":{"footnotes":""},"categories":[2719],"tags":[13472,5516,13469,981,3321,1839,1514,13473,4000,636,9253,7356,34,13471,7062,13470],"class_list":["post-10409","post","type-post","status-publish","format-standard","hentry","category-servidor","tag-adc-58","tag-adi","tag-anamnatra","tag-atualizacao","tag-condenacao","tag-creditos","tag-debitos","tag-depostos","tag-inpc","tag-ipca","tag-reforma-trabalhista","tag-remunerados","tag-stf","tag-taxa-referencial","tag-tr","tag-trabalhaistas"],"_links":{"self":[{"href":"https:\/\/blogs.correiobraziliense.com.br\/servidor\/wp-json\/wp\/v2\/posts\/10409","targetHints":{"allow":["GET"]}}],"collection":[{"href":"https:\/\/blogs.correiobraziliense.com.br\/servidor\/wp-json\/wp\/v2\/posts"}],"about":[{"href":"https:\/\/blogs.correiobraziliense.com.br\/servidor\/wp-json\/wp\/v2\/types\/post"}],"author":[{"embeddable":true,"href":"https:\/\/blogs.correiobraziliense.com.br\/servidor\/wp-json\/wp\/v2\/users\/27"}],"replies":[{"embeddable":true,"href":"https:\/\/blogs.correiobraziliense.com.br\/servidor\/wp-json\/wp\/v2\/comments?post=10409"}],"version-history":[{"count":1,"href":"https:\/\/blogs.correiobraziliense.com.br\/servidor\/wp-json\/wp\/v2\/posts\/10409\/revisions"}],"predecessor-version":[{"id":10410,"href":"https:\/\/blogs.correiobraziliense.com.br\/servidor\/wp-json\/wp\/v2\/posts\/10409\/revisions\/10410"}],"wp:attachment":[{"href":"https:\/\/blogs.correiobraziliense.com.br\/servidor\/wp-json\/wp\/v2\/media?parent=10409"}],"wp:term":[{"taxonomy":"category","embeddable":true,"href":"https:\/\/blogs.correiobraziliense.com.br\/servidor\/wp-json\/wp\/v2\/categories?post=10409"},{"taxonomy":"post_tag","embeddable":true,"href":"https:\/\/blogs.correiobraziliense.com.br\/servidor\/wp-json\/wp\/v2\/tags?post=10409"}],"curies":[{"name":"wp","href":"https:\/\/api.w.org\/{rel}","templated":true}]}}