{"id":10400,"date":"2018-09-17T19:21:38","date_gmt":"2018-09-17T22:21:38","guid":{"rendered":"https:\/\/blogs.correiobraziliense.com.br\/servidor\/?p=10400"},"modified":"2018-09-17T19:21:38","modified_gmt":"2018-09-17T22:21:38","slug":"capes-aprova-o-doutorado-em-telecomunicacoes-no-inatel","status":"publish","type":"post","link":"https:\/\/blogs.correiobraziliense.com.br\/servidor\/capes-aprova-o-doutorado-em-telecomunicacoes-no-inatel\/","title":{"rendered":"Capes aprova o doutorado em Telecomunica\u00e7\u00f5es no Inatel"},"content":{"rendered":"<p><em>A Capes, funda\u00e7\u00e3o respons\u00e1vel pela autoriza\u00e7\u00e3o e avalia\u00e7\u00e3o de programas de p\u00f3s-gradua\u00e7\u00e3o stricto sensu no pa\u00eds, aprovou a cria\u00e7\u00e3o do Programa de Doutorado em Telecomunica\u00e7\u00f5es no Inatel &#8211; institui\u00e7\u00e3o de Ensino, Pesquisa e Desenvolvimento de Tecnologias, localizada no sul de Minas<\/em><\/p>\n<p>Pioneiro no ensino de Telecomunica\u00e7\u00f5es no Brasil, o Inatel passa agora a oferecer um ciclo completo de forma\u00e7\u00e3o profissional, com curso de gradua\u00e7\u00e3o, especializa\u00e7\u00e3o, mestrado e, agora, doutorado na \u00e1rea. E o Instituto sai na frente mais uma vez, ao ser a \u00fanica institui\u00e7\u00e3o do pa\u00eds a dispor de um curso de doutorado espec\u00edfico em Telecomunica\u00e7\u00f5es.<\/p>\n<p>\u201cO doutorado \u00e9 o curso de mais alto grau acad\u00eamico existente. Isso ir\u00e1 nos colocar em outro patamar em termos de visibilidade acad\u00eamica, oportunidades de parcerias com universidades, inclusive estrangeiras, e oportunidades de participa\u00e7\u00e3o em projetos\u201d, aponta o pr\u00f3-diretor de P\u00f3s-gradua\u00e7\u00e3o e Pesquisa, professor Jos\u00e9 Marcos C\u00e2mara Brito<\/p>\n<p>Para o diretor do Inatel, professor Marcelo de Oliveira Marques, essa conquista \u00e9 resultado de um grande esfor\u00e7o da institui\u00e7\u00e3o para estruturar suas atividades de pesquisa, que come\u00e7ou h\u00e1 anos com a cria\u00e7\u00e3o do curso de mestrado. \u201c\u00c9 fruto do trabalho de mais de uma gest\u00e3o, de dezenas de pessoas que se envolveram em atividades que permitiram esse avan\u00e7o. O doutorado vem aprofundar nossa contribui\u00e7\u00e3o com o pa\u00eds, fortalecer nosso posicionamento na academia e contribuir de forma mais efetiva ainda com o desenvolvimento das tecnologias da informa\u00e7\u00e3o e comunica\u00e7\u00e3o. Ao mesmo tempo \u00e9 um grande compromisso. Mas tenho certeza de que com o grupo de pesquisadores que temos aqui e atrav\u00e9s do trabalho de cada profissional do Inatel dando apoio a essas atividades, o nosso destino \u00e9 que o programa de doutorado seja mais um programa de sucesso da nossa institui\u00e7\u00e3o.\u201d<\/p>\n<p>Ainda segundo o diretor, a participa\u00e7\u00e3o em programas estruturantes na \u00e1rea de pesquisa, desenvolvimento e inova\u00e7\u00e3o em telecomunica\u00e7\u00f5es &#8211; como o Centro de Refer\u00eancia em Radiocomunica\u00e7\u00f5es, criado em parceria com o Minist\u00e9rio da Ci\u00eancia, Tecnologia, Inova\u00e7\u00f5es e Comunica\u00e7\u00f5es \u2013 MCTIC &#8211; foi muito importante para esta conquista, pois possibilitou o incremento das pesquisas e da contribui\u00e7\u00e3o do Inatel ao meio cient\u00edfico e acad\u00eamico.<\/p>\n<p>O doutorado em Telecomunica\u00e7\u00f5es do Inatel ser\u00e1 oferecido a partir do primeiro semestre de 2019 e \u00e9 voltado a profissionais e pesquisadores que tenham interesse na \u00e1rea e possuam Mestrado em Telecomunica\u00e7\u00f5es ou \u00e1reas correlacionadas. As linhas de pesquisa dispon\u00edveis s\u00e3o Dispositivos de RF e Fot\u00f4nicos para Telecomunica\u00e7\u00f5es e Redes e Sistemas de Telecomunica\u00e7\u00f5es. Mais informa\u00e7\u00f5es sobre o curso ser\u00e3o divulgadas em breve.<\/p>\n","protected":false},"excerpt":{"rendered":"<p>A Capes, funda\u00e7\u00e3o respons\u00e1vel pela autoriza\u00e7\u00e3o e avalia\u00e7\u00e3o de programas de p\u00f3s-gradua\u00e7\u00e3o stricto sensu no pa\u00eds, aprovou a cria\u00e7\u00e3o do Programa de Doutorado em Telecomunica\u00e7\u00f5es no Inatel &#8211; institui\u00e7\u00e3o de Ensino, Pesquisa e Desenvolvimento de Tecnologias, localizada no sul de Minas Pioneiro no ensino de Telecomunica\u00e7\u00f5es no Brasil, o Inatel passa agora a oferecer um ciclo completo de forma\u00e7\u00e3o profissional, [&hellip;]<\/p>\n","protected":false},"author":27,"featured_media":0,"comment_status":"open","ping_status":"closed","sticky":false,"template":"","format":"standard","meta":{"footnotes":""},"categories":[2719],"tags":[8281,1566,3188,3290,1076,3355,425,1296,4337,13462,4443,4716,13461,187,478,4445,4504,11700],"class_list":["post-10400","post","type-post","status-publish","format-standard","hentry","category-servidor","tag-academico","tag-aprova","tag-autorizacao","tag-capes","tag-curso","tag-desenvolvimento","tag-doutorado","tag-ensino","tag-especializacao","tag-estrado","tag-formacao","tag-graduacao","tag-inatel","tag-pesquisa","tag-profissional","tag-stricto-sensu","tag-tecnologia","tag-telecomunicacoes"],"_links":{"self":[{"href":"https:\/\/blogs.correiobraziliense.com.br\/servidor\/wp-json\/wp\/v2\/posts\/10400","targetHints":{"allow":["GET"]}}],"collection":[{"href":"https:\/\/blogs.correiobraziliense.com.br\/servidor\/wp-json\/wp\/v2\/posts"}],"about":[{"href":"https:\/\/blogs.correiobraziliense.com.br\/servidor\/wp-json\/wp\/v2\/types\/post"}],"author":[{"embeddable":true,"href":"https:\/\/blogs.correiobraziliense.com.br\/servidor\/wp-json\/wp\/v2\/users\/27"}],"replies":[{"embeddable":true,"href":"https:\/\/blogs.correiobraziliense.com.br\/servidor\/wp-json\/wp\/v2\/comments?post=10400"}],"version-history":[{"count":1,"href":"https:\/\/blogs.correiobraziliense.com.br\/servidor\/wp-json\/wp\/v2\/posts\/10400\/revisions"}],"predecessor-version":[{"id":10401,"href":"https:\/\/blogs.correiobraziliense.com.br\/servidor\/wp-json\/wp\/v2\/posts\/10400\/revisions\/10401"}],"wp:attachment":[{"href":"https:\/\/blogs.correiobraziliense.com.br\/servidor\/wp-json\/wp\/v2\/media?parent=10400"}],"wp:term":[{"taxonomy":"category","embeddable":true,"href":"https:\/\/blogs.correiobraziliense.com.br\/servidor\/wp-json\/wp\/v2\/categories?post=10400"},{"taxonomy":"post_tag","embeddable":true,"href":"https:\/\/blogs.correiobraziliense.com.br\/servidor\/wp-json\/wp\/v2\/tags?post=10400"}],"curies":[{"name":"wp","href":"https:\/\/api.w.org\/{rel}","templated":true}]}}