{"id":10398,"date":"2018-09-17T19:14:59","date_gmt":"2018-09-17T22:14:59","guid":{"rendered":"https:\/\/blogs.correiobraziliense.com.br\/servidor\/?p=10398"},"modified":"2018-09-17T19:14:59","modified_gmt":"2018-09-17T22:14:59","slug":"editora-fgv-livro-apresenta-as-transformacoes-das-classes-cde-nos-ultimos-20-anos","status":"publish","type":"post","link":"https:\/\/blogs.correiobraziliense.com.br\/servidor\/editora-fgv-livro-apresenta-as-transformacoes-das-classes-cde-nos-ultimos-20-anos\/","title":{"rendered":"Editora FGV &#8211; livro apresenta as transforma\u00e7\u00f5es das classes CDE nos \u00faltimos 20 anos"},"content":{"rendered":"<p>O pa\u00eds do futuro que nunca chega (Stefan Zweig). O Brasil d\u00e1 um passo para frente e dois para tr\u00e1s. O pa\u00eds que n\u00e3o perde a oportunidade de perder oportunidades (Roberto Campos).<\/p>\n<p>Essas s\u00e3o algumas das frases recorrentes para descrever uma percep\u00e7\u00e3o generalizada sobre a estagna\u00e7\u00e3o de nosso pa\u00eds e que abrem o livro O Brasil mudou mais do que voc\u00ea pensa: um novo olhar sobre as transforma\u00e7\u00f5es das classes CDE, publicado pela Editora FGV e organizado por Lauro Gonzalez, Mauricio de Almeida Prado e Mariel Deak.<\/p>\n<p>Os trabalhos de pesquisadores do Centro de Estudos em Microfinan\u00e7as e Inclus\u00e3o Financeira (GVcemif) da FGV e do Instituto Plano CDE analisaram o per\u00edodo entre 1995 e 2015, tanto por meio de entrevistas <em>in loco <\/em>quanto de an\u00e1lises de dados quantitativos e constataram transforma\u00e7\u00f5es e mudan\u00e7a de comportamento na vida das fam\u00edlias das classes CDE, notadamente mudan\u00e7as positivas pouco conhecidas de grande parcela da popula\u00e7\u00e3o.<\/p>\n<p>De acordo com os organizadores, a crise atual, embora traga desalento e tenha efeitos conjunturais negativos, n\u00e3o altera o fato de que novos patamares foram alcan\u00e7ados pelas classes CDE.<\/p>\n<p>Para demonstrar esses avan\u00e7os, que contrariam a percep\u00e7\u00e3o negativa da sociedade, acentuada em momentos de crise, o livro aborda cinco temas: educa\u00e7\u00e3o, habita\u00e7\u00e3o, posse de bens, inclus\u00e3o financeira e digitaliza\u00e7\u00e3o. Cada tema corresponde a um dos cap\u00edtulos que se dividem em quatro partes: &#8220;O que mudou&#8221; apresenta, por meio de diversos dados dispon\u00edveis, as principais transforma\u00e7\u00f5es de cada tema; &#8220;Por que mudou&#8221; analisa os dados apresentados e busca explicar as pol\u00edticas p\u00fablicas e os movimentos de mercado que engendraram as transforma\u00e7\u00f5es; &#8220;Os efeitos na vida das fam\u00edlias&#8221; traz hist\u00f3rias de vida que mostram as mudan\u00e7as ocorridas dentro dos lares; e &#8220;Desafios para o futuro&#8221; busca sucintamente levantar as principais quest\u00f5es a enfrentar e recomenda\u00e7\u00f5es de cada tema.<\/p>\n<p>De acordo com os organizadores, &#8220;as hist\u00f3rias dos efeitos das mudan\u00e7as descritas na vida da popula\u00e7\u00e3o CDE refor\u00e7am a certeza de que \u00e9 hora de um olhar de longo prazo sobre as transforma\u00e7\u00f5es pelas quais o Brasil passou e continua passando&#8221;. O lan\u00e7amento ser\u00e1 dia 25\/9, \u00e0s 18h30, na Livraria da Vila, em S\u00e3o Paulo.<\/p>\n<p><strong>Servi\u00e7o:<\/strong><\/p>\n<p class=\"Default\"><strong>O Brasil mudou mais do que voc\u00ea pensa: um novo olhar sobre as transforma\u00e7\u00f5es das classes CDE<\/strong><\/p>\n<p class=\"Default\"><strong>Lan\u00e7amento \u2013 <\/strong>25\/09 \u00e0s 18h30<\/p>\n<p class=\"Default\"><strong>Local: <\/strong>Livraria da Vila \u2013 Alameda Lorena, 1731 \u2013 Jardim Paulista \u2013 S\u00e3o Paulo<\/p>\n<p class=\"Default\"><strong>Organizadores: <\/strong>Lauro Gonzalez, Mauricio de Almeida Prado e Mariel Deak<\/p>\n<p class=\"Default\"><strong>P\u00e1ginas: <\/strong>200<\/p>\n<p class=\"Default\"><strong>Pre\u00e7o: <\/strong>R$45,00 (impresso) e R$32,00 (ebook)<\/p>\n","protected":false},"excerpt":{"rendered":"<p>O pa\u00eds do futuro que nunca chega (Stefan Zweig). O Brasil d\u00e1 um passo para frente e dois para tr\u00e1s. O pa\u00eds que n\u00e3o perde a oportunidade de perder oportunidades (Roberto Campos). Essas s\u00e3o algumas das frases recorrentes para descrever uma percep\u00e7\u00e3o generalizada sobre a estagna\u00e7\u00e3o de nosso pa\u00eds e que abrem o livro O Brasil mudou mais do que [&hellip;]<\/p>\n","protected":false},"author":27,"featured_media":0,"comment_status":"open","ping_status":"closed","sticky":false,"template":"","format":"standard","meta":{"footnotes":""},"categories":[2719],"tags":[9924,13460,1436,4589,167,13459,904,5342,4898,1200,1079,91,2988,9976,7816,545,7992,5515],"class_list":["post-10398","post","type-post","status-publish","format-standard","hentry","category-servidor","tag-analises","tag-cde","tag-classes","tag-comportamento","tag-dados","tag-editora-fgv","tag-entrevistas","tag-estagnacao","tag-familias","tag-futuro","tag-livro","tag-mudanca","tag-oportunidade","tag-passo","tag-pesquisadores","tag-populacao","tag-quantitativos","tag-transformacoes"],"_links":{"self":[{"href":"https:\/\/blogs.correiobraziliense.com.br\/servidor\/wp-json\/wp\/v2\/posts\/10398","targetHints":{"allow":["GET"]}}],"collection":[{"href":"https:\/\/blogs.correiobraziliense.com.br\/servidor\/wp-json\/wp\/v2\/posts"}],"about":[{"href":"https:\/\/blogs.correiobraziliense.com.br\/servidor\/wp-json\/wp\/v2\/types\/post"}],"author":[{"embeddable":true,"href":"https:\/\/blogs.correiobraziliense.com.br\/servidor\/wp-json\/wp\/v2\/users\/27"}],"replies":[{"embeddable":true,"href":"https:\/\/blogs.correiobraziliense.com.br\/servidor\/wp-json\/wp\/v2\/comments?post=10398"}],"version-history":[{"count":1,"href":"https:\/\/blogs.correiobraziliense.com.br\/servidor\/wp-json\/wp\/v2\/posts\/10398\/revisions"}],"predecessor-version":[{"id":10399,"href":"https:\/\/blogs.correiobraziliense.com.br\/servidor\/wp-json\/wp\/v2\/posts\/10398\/revisions\/10399"}],"wp:attachment":[{"href":"https:\/\/blogs.correiobraziliense.com.br\/servidor\/wp-json\/wp\/v2\/media?parent=10398"}],"wp:term":[{"taxonomy":"category","embeddable":true,"href":"https:\/\/blogs.correiobraziliense.com.br\/servidor\/wp-json\/wp\/v2\/categories?post=10398"},{"taxonomy":"post_tag","embeddable":true,"href":"https:\/\/blogs.correiobraziliense.com.br\/servidor\/wp-json\/wp\/v2\/tags?post=10398"}],"curies":[{"name":"wp","href":"https:\/\/api.w.org\/{rel}","templated":true}]}}