{"id":10388,"date":"2018-09-17T13:56:05","date_gmt":"2018-09-17T16:56:05","guid":{"rendered":"https:\/\/blogs.correiobraziliense.com.br\/servidor\/?p=10388"},"modified":"2018-09-17T13:56:05","modified_gmt":"2018-09-17T16:56:05","slug":"anpr-celebra-45-anos-de-historia","status":"publish","type":"post","link":"https:\/\/blogs.correiobraziliense.com.br\/servidor\/anpr-celebra-45-anos-de-historia\/","title":{"rendered":"ANPR celebra 45 anos de hist\u00f3ria"},"content":{"rendered":"<p><em>Em 22 de setembro, a Associa\u00e7\u00e3o Nacional dos Procuradores da Rep\u00fablica (ANPR) comemora 45 anos &#8220;de exist\u00eancia e de luta em defesa da sociedade brasileira&#8221;, informa a entidade. A solenidade ser\u00e1 no dia 20 de setembro, \u00e0s 17h, no Memorial do Minist\u00e9rio P\u00fablico Federal (MPF), em Bras\u00edlia<\/em><\/p>\n<p>&#8220;Ao longo das d\u00e9cadas, a hist\u00f3ria da ANPR confunde-se com a hist\u00f3ria do Minist\u00e9rio P\u00fablico Federal e do pr\u00f3prio pa\u00eds. Fundada em 1973, a Associa\u00e7\u00e3o teve papel ativo na redemocratiza\u00e7\u00e3o, na Constituinte, na reforma do Judici\u00e1rio, na luta contra a PEC da Impunidade, no combate \u00e0 corrup\u00e7\u00e3o e na defesa das garantias fundamentais de todos os brasileiros&#8221;, assinala a nota.<\/p>\n<p>O evento contar\u00e1 com a presen\u00e7a de membros do MPF que contribu\u00edram para a consolida\u00e7\u00e3o da entidade no cen\u00e1rio nacional. Na ocasi\u00e3o, ser\u00e1 exibido um v\u00eddeo comemorativo com os momentos marcantes da ANPR e, ao final, servido um coquetel.<\/p>\n","protected":false},"excerpt":{"rendered":"<p>Em 22 de setembro, a Associa\u00e7\u00e3o Nacional dos Procuradores da Rep\u00fablica (ANPR) comemora 45 anos &#8220;de exist\u00eancia e de luta em defesa da sociedade brasileira&#8221;, informa a entidade. A solenidade ser\u00e1 no dia 20 de setembro, \u00e0s 17h, no Memorial do Minist\u00e9rio P\u00fablico Federal (MPF), em Bras\u00edlia &#8220;Ao longo das d\u00e9cadas, a hist\u00f3ria da ANPR confunde-se com a hist\u00f3ria do [&hellip;]<\/p>\n","protected":false},"author":27,"featured_media":0,"comment_status":"open","ping_status":"closed","sticky":false,"template":"","format":"standard","meta":{"footnotes":""},"categories":[2719],"tags":[898,4959,204,13451,205,1271,64,453,13452,1235,13450,711,13449],"class_list":["post-10388","post","type-post","status-publish","format-standard","hentry","category-servidor","tag-aniversario","tag-anpr","tag-combate","tag-constituinte","tag-corrupcao","tag-historia","tag-judiciario","tag-mpf","tag-pec-da-impuniade","tag-procuradores","tag-redemocratizacao","tag-reforma","tag-sicedade"],"_links":{"self":[{"href":"https:\/\/blogs.correiobraziliense.com.br\/servidor\/wp-json\/wp\/v2\/posts\/10388","targetHints":{"allow":["GET"]}}],"collection":[{"href":"https:\/\/blogs.correiobraziliense.com.br\/servidor\/wp-json\/wp\/v2\/posts"}],"about":[{"href":"https:\/\/blogs.correiobraziliense.com.br\/servidor\/wp-json\/wp\/v2\/types\/post"}],"author":[{"embeddable":true,"href":"https:\/\/blogs.correiobraziliense.com.br\/servidor\/wp-json\/wp\/v2\/users\/27"}],"replies":[{"embeddable":true,"href":"https:\/\/blogs.correiobraziliense.com.br\/servidor\/wp-json\/wp\/v2\/comments?post=10388"}],"version-history":[{"count":1,"href":"https:\/\/blogs.correiobraziliense.com.br\/servidor\/wp-json\/wp\/v2\/posts\/10388\/revisions"}],"predecessor-version":[{"id":10389,"href":"https:\/\/blogs.correiobraziliense.com.br\/servidor\/wp-json\/wp\/v2\/posts\/10388\/revisions\/10389"}],"wp:attachment":[{"href":"https:\/\/blogs.correiobraziliense.com.br\/servidor\/wp-json\/wp\/v2\/media?parent=10388"}],"wp:term":[{"taxonomy":"category","embeddable":true,"href":"https:\/\/blogs.correiobraziliense.com.br\/servidor\/wp-json\/wp\/v2\/categories?post=10388"},{"taxonomy":"post_tag","embeddable":true,"href":"https:\/\/blogs.correiobraziliense.com.br\/servidor\/wp-json\/wp\/v2\/tags?post=10388"}],"curies":[{"name":"wp","href":"https:\/\/api.w.org\/{rel}","templated":true}]}}