{"id":10377,"date":"2018-09-14T22:10:27","date_gmt":"2018-09-15T01:10:27","guid":{"rendered":"https:\/\/blogs.correiobraziliense.com.br\/servidor\/?p=10377"},"modified":"2018-09-14T22:10:27","modified_gmt":"2018-09-15T01:10:27","slug":"servidores-do-gdf-fazem-protesto-contra-corte-de-gratificacao","status":"publish","type":"post","link":"https:\/\/blogs.correiobraziliense.com.br\/servidor\/servidores-do-gdf-fazem-protesto-contra-corte-de-gratificacao\/","title":{"rendered":"Servidores do GDF fazem protesto contra corte de gratifica\u00e7\u00e3o"},"content":{"rendered":"<p><em><span id=\"m_-7041241882951365995gmail-docs-internal-guid-b0cecc8b-7fff-8ff0-0f03-75c3761c3b2f\">Sindicato entrou com mandado de seguran\u00e7a na Justi\u00e7a contra a medida.\u00a0<\/span>Na pr\u00f3xima ter\u00e7a-feira (18), os servidores da assist\u00eancia social do Governo do Distrito Federal (GDF) fazem manifesta\u00e7\u00e3o contra o corte da Gratifica\u00e7\u00e3o por Pol\u00edticas P\u00fablicas (GPS) dos sal\u00e1rios dos aposentados da carreira da assist\u00eancia social<\/em><\/p>\n<p>Convocado pelo Sindicato dos Servidores da Assist\u00eancia Social do GDF (Sindsasc), o ato ser\u00e1 \u00e0s 15h na sede do Instituto de Previd\u00eancia Social dos Servidores do DF (Iprev), no SHCS Quadra 6, Bloco A, Asa Sul.\u00a0Al\u00e9m do protesto, o Sindsasc entrou com um mandado de seguran\u00e7a, que foi colocado para julgamento na 5\u00aa Turma C\u00edvel do Tribunal de Justi\u00e7a do Distrito Federal e Territ\u00f3rios (TJDFT). O relator, desembargador Silva Lemos, deu prazo para que o GDF se manifeste at\u00e9 o pr\u00f3ximo dia 21.<\/p>\n<p dir=\"ltr\">O presidente do Sindsasc, Clayton Avelar, lembra que a gratifica\u00e7\u00e3o \u00e9 um direito adquirido e que a contribui\u00e7\u00e3o previdenci\u00e1ria deduzida dos sal\u00e1rios dos servidores incidia sobre ela. \u201cO que o governador Rollemberg est\u00e1 fazendo \u00e9 mais um ataque contra os servidores\u201d, afirma.<\/p>\n<p dir=\"ltr\">A gratifica\u00e7\u00e3o, importante para a composi\u00e7\u00e3o salarial da categoria tem sido cortada dos rendimentos de todos os servidores aposentados e a previs\u00e3o, segundo o sindicato, \u00e9 que o corte passe a ocorrer para os novos aposentados da categoria. As pr\u00e9vias dos contracheques dos aposentados j\u00e1 est\u00e3o sem a GPS. Os que se aposentaram a partir de maio deste ano j\u00e1 sofrem com a dedu\u00e7\u00e3o da gratifica\u00e7\u00e3o. Quem est\u00e1 prestes a se aposentar tamb\u00e9m deve sofrer a perda.<\/p>\n<p>&nbsp;<\/p>\n","protected":false},"excerpt":{"rendered":"<p>Sindicato entrou com mandado de seguran\u00e7a na Justi\u00e7a contra a medida.\u00a0Na pr\u00f3xima ter\u00e7a-feira (18), os servidores da assist\u00eancia social do Governo do Distrito Federal (GDF) fazem manifesta\u00e7\u00e3o contra o corte da Gratifica\u00e7\u00e3o por Pol\u00edticas P\u00fablicas (GPS) dos sal\u00e1rios dos aposentados da carreira da assist\u00eancia social Convocado pelo Sindicato dos Servidores da Assist\u00eancia Social do GDF (Sindsasc), o ato ser\u00e1 \u00e0s [&hellip;]<\/p>\n","protected":false},"author":27,"featured_media":0,"comment_status":"open","ping_status":"closed","sticky":false,"template":"","format":"standard","meta":{"footnotes":""},"categories":[2719],"tags":[345,2108,258,2692,7999,333,4457,260,13437,718,58,11776],"class_list":["post-10377","post","type-post","status-publish","format-standard","hentry","category-servidor","tag-aposentados","tag-assistencia-social","tag-corte","tag-gdf","tag-gps","tag-gratificacao","tag-iprev","tag-justica","tag-mando-de-seguranca","tag-protesto","tag-servidores","tag-sindsasc"],"_links":{"self":[{"href":"https:\/\/blogs.correiobraziliense.com.br\/servidor\/wp-json\/wp\/v2\/posts\/10377","targetHints":{"allow":["GET"]}}],"collection":[{"href":"https:\/\/blogs.correiobraziliense.com.br\/servidor\/wp-json\/wp\/v2\/posts"}],"about":[{"href":"https:\/\/blogs.correiobraziliense.com.br\/servidor\/wp-json\/wp\/v2\/types\/post"}],"author":[{"embeddable":true,"href":"https:\/\/blogs.correiobraziliense.com.br\/servidor\/wp-json\/wp\/v2\/users\/27"}],"replies":[{"embeddable":true,"href":"https:\/\/blogs.correiobraziliense.com.br\/servidor\/wp-json\/wp\/v2\/comments?post=10377"}],"version-history":[{"count":1,"href":"https:\/\/blogs.correiobraziliense.com.br\/servidor\/wp-json\/wp\/v2\/posts\/10377\/revisions"}],"predecessor-version":[{"id":10378,"href":"https:\/\/blogs.correiobraziliense.com.br\/servidor\/wp-json\/wp\/v2\/posts\/10377\/revisions\/10378"}],"wp:attachment":[{"href":"https:\/\/blogs.correiobraziliense.com.br\/servidor\/wp-json\/wp\/v2\/media?parent=10377"}],"wp:term":[{"taxonomy":"category","embeddable":true,"href":"https:\/\/blogs.correiobraziliense.com.br\/servidor\/wp-json\/wp\/v2\/categories?post=10377"},{"taxonomy":"post_tag","embeddable":true,"href":"https:\/\/blogs.correiobraziliense.com.br\/servidor\/wp-json\/wp\/v2\/tags?post=10377"}],"curies":[{"name":"wp","href":"https:\/\/api.w.org\/{rel}","templated":true}]}}