{"id":1037,"date":"2016-02-18T19:58:37","date_gmt":"2016-02-18T21:58:37","guid":{"rendered":"https:\/\/blogs.correiobraziliense.com.br\/servidor\/?p=1037"},"modified":"2016-02-19T14:10:22","modified_gmt":"2016-02-19T16:10:22","slug":"planejamento-devera-enviar-amanha-proposta-salarial-aos-auditores-fiscais-da-receita","status":"publish","type":"post","link":"https:\/\/blogs.correiobraziliense.com.br\/servidor\/planejamento-devera-enviar-amanha-proposta-salarial-aos-auditores-fiscais-da-receita\/","title":{"rendered":"PLANEJAMENTO DEVER\u00c1 ENVIAR AMANH\u00c3 PROPOSTA SALARIAL AOS AUDITORES-FISCAIS DA RECEITA"},"content":{"rendered":"<p>Fontes do governo informaram que o Minist\u00e9rio do Planejamento dever\u00e1 enviar nesta sexta-feira um comunicado oficial aos servidores da Receita Federal. O documento ainda n\u00e3o teria sido formalizado porque <span class=\"il\">S\u00e9rgio<\/span> <span class=\"il\">Mendon\u00e7a<\/span>, secret\u00e1rio de Gest\u00e3o de Pessoas e Rela\u00e7\u00f5es de Trabalho, ainda depende da aprova\u00e7\u00e3o do ministro Valdir Sim\u00e3o.<\/p>\n<p>O principal impasse entre o Executivo e a categoria, segundo t\u00e9cnicos, est\u00e1 relacionado ao b\u00f4nus de efici\u00eancia. Especialistas afirmam que quem recebe por meio de subs\u00eddio, n\u00e3o pode ganhar qualquer outro penduricalho. Mas a classe se recusa a abrir m\u00e3o do sistema de subs\u00eddio.<\/p>\n<p>A melhor sa\u00edda, para os dois lados, ser\u00e1 lan\u00e7ar m\u00e3o do dinheiro do Fundo de Desenvolvimento e Administra\u00e7\u00e3o da Arrecada\u00e7\u00e3o e Fiscaliza\u00e7\u00e3o (Fundaf), para onde v\u00e3o os recursos de parte das multas aplicadas aos contribuintes por irregularidades fiscais.<\/p>\n<p>Mais um complicador. Porque a mexida no Fundaf depender\u00e1 de decis\u00e3o da junta or\u00e7ament\u00e1ria da qual participam tr\u00eas ministros. Al\u00e9m de Sim\u00e3o, N\u00e9lson Barbosa, da Fazenda, e Jacques Wagner, da Casa Civil. Essa rubrica (o Fundaf), embora esteja recheada de dinheiro p\u00fablico, n\u00e3o entra no Anexo V da pe\u00e7a or\u00e7ament\u00e1ria.<\/p>\n<p>&nbsp;<\/p>\n<p><strong>E os outros?<\/strong><\/p>\n<p>A Pol\u00edcia Federal vai pelo mesmo caminho. De olho na fonte para bombar seus sal\u00e1rios, delegados, agentes, escriv\u00e3es e papiloscopistas, em um esfor\u00e7o hist\u00f3rico, entregaram ao governo uma pauta conjunta.<\/p>\n<p>Entre os destaques, pedem a cria\u00e7\u00e3o do Fundo Nacional de Combate \u00e0 Corrup\u00e7\u00e3o e Crime Organizado, exclusivamente para a estrutura\u00e7\u00e3o e atua\u00e7\u00e3o da PF contra malfeitos na administra\u00e7\u00e3o p\u00fablica. Estrat\u00e9gia para futuras negocia\u00e7\u00f5es.<\/p>\n<p>A Pol\u00edcia Rodovi\u00e1ria Federal tamb\u00e9m tem recursos de fundos pr\u00f3prios. Tudo indica que sair\u00e3o prejudicados os auditores-fiscais do Trabalho. N\u00e3o t\u00eam fonte e n\u00e3o podem lan\u00e7ar m\u00e3o do Fundo de Garantia do Tempo de Servi\u00e7o (FGTS) que, por lei, tem outra destina\u00e7\u00e3o.<\/p>\n<p>&nbsp;<\/p>\n","protected":false},"excerpt":{"rendered":"<p>Fontes do governo informaram que o Minist\u00e9rio do Planejamento dever\u00e1 enviar nesta sexta-feira um comunicado oficial aos servidores da Receita Federal. O documento ainda n\u00e3o teria sido formalizado porque S\u00e9rgio Mendon\u00e7a, secret\u00e1rio de Gest\u00e3o de Pessoas e Rela\u00e7\u00f5es de Trabalho, ainda depende da aprova\u00e7\u00e3o do ministro Valdir Sim\u00e3o. O principal impasse entre o Executivo e a categoria, segundo t\u00e9cnicos, est\u00e1 [&hellip;]<\/p>\n","protected":false},"author":27,"featured_media":0,"comment_status":"open","ping_status":"closed","sticky":false,"template":"","format":"standard","meta":{"footnotes":""},"categories":[1],"tags":[],"class_list":["post-1037","post","type-post","status-publish","format-standard","hentry","category-sem-categoria"],"_links":{"self":[{"href":"https:\/\/blogs.correiobraziliense.com.br\/servidor\/wp-json\/wp\/v2\/posts\/1037","targetHints":{"allow":["GET"]}}],"collection":[{"href":"https:\/\/blogs.correiobraziliense.com.br\/servidor\/wp-json\/wp\/v2\/posts"}],"about":[{"href":"https:\/\/blogs.correiobraziliense.com.br\/servidor\/wp-json\/wp\/v2\/types\/post"}],"author":[{"embeddable":true,"href":"https:\/\/blogs.correiobraziliense.com.br\/servidor\/wp-json\/wp\/v2\/users\/27"}],"replies":[{"embeddable":true,"href":"https:\/\/blogs.correiobraziliense.com.br\/servidor\/wp-json\/wp\/v2\/comments?post=1037"}],"version-history":[{"count":3,"href":"https:\/\/blogs.correiobraziliense.com.br\/servidor\/wp-json\/wp\/v2\/posts\/1037\/revisions"}],"predecessor-version":[{"id":1040,"href":"https:\/\/blogs.correiobraziliense.com.br\/servidor\/wp-json\/wp\/v2\/posts\/1037\/revisions\/1040"}],"wp:attachment":[{"href":"https:\/\/blogs.correiobraziliense.com.br\/servidor\/wp-json\/wp\/v2\/media?parent=1037"}],"wp:term":[{"taxonomy":"category","embeddable":true,"href":"https:\/\/blogs.correiobraziliense.com.br\/servidor\/wp-json\/wp\/v2\/categories?post=1037"},{"taxonomy":"post_tag","embeddable":true,"href":"https:\/\/blogs.correiobraziliense.com.br\/servidor\/wp-json\/wp\/v2\/tags?post=1037"}],"curies":[{"name":"wp","href":"https:\/\/api.w.org\/{rel}","templated":true}]}}