{"id":10367,"date":"2018-09-14T12:51:32","date_gmt":"2018-09-14T15:51:32","guid":{"rendered":"https:\/\/blogs.correiobraziliense.com.br\/servidor\/?p=10367"},"modified":"2018-09-14T12:51:32","modified_gmt":"2018-09-14T15:51:32","slug":"governo-espanhol-oferece-especialistas-para-reconstrucao-do-museu-nacional","status":"publish","type":"post","link":"https:\/\/blogs.correiobraziliense.com.br\/servidor\/governo-espanhol-oferece-especialistas-para-reconstrucao-do-museu-nacional\/","title":{"rendered":"Governo espanhol oferece especialistas para a reconstru\u00e7\u00e3o do Museu Nacional"},"content":{"rendered":"<p>O ministro da Cultura e Esporte da Espanha, Jos\u00e9 Guirao Cabrera, colocou o governo de seu pa\u00eds totalmente \u00e0 disposi\u00e7\u00e3o do Brasil para apoio efetivo na reconstru\u00e7\u00e3o do Museu Nacional, durante encontro com o ministro da Educa\u00e7\u00e3o, Rossieli Soares, nesta <span id=\"OBJ_PREFIX_DWT1105_com_zimbra_date\" class=\"Object\"><span id=\"OBJ_PREFIX_DWT1117_com_zimbra_date\" class=\"Object\">quinta<\/span><\/span>-feira, 13, em Madri.<\/p>\n<p>\u201cA Espanha, pela rela\u00e7\u00e3o hist\u00f3rica que tem com o Brasil, \u00e9 um pa\u00eds que tem um acervo muito importante\u201d, destacou. \u201cA Espanha tem documentos hist\u00f3ricos que est\u00e3o em seus museus, \u00e0s vezes, at\u00e9 fora de exposi\u00e7\u00e3o, que devem ser relevantes ao Brasil. Em reconhecimento a essa hist\u00f3ria, a Espanha ajudar\u00e1 o Brasil na recomposi\u00e7\u00e3o do acervo ao Museu Nacional\u201d.<\/p>\n<p>Rossieli Soares lembrou que praticamente todo o acervo do Museu Nacional, localizado no Rio<span id=\"OBJ_PREFIX_DWT1106_com_zimbra_date\" class=\"Object\"> de Janeiro<\/span>, foi perdido nesse inc\u00eandio. \u201cUm grave problema a m\u00e9dio prazo que teremos muita dificuldade em solucionar ser\u00e1 recompor o acervo relevante para o Museu Nacional\u201d, destacou.<\/p>\n<p>O ministro espanhol, Jos\u00e9 Guirao, tamb\u00e9m colocou \u00e0 disposi\u00e7\u00e3o especialistas da \u00e1rea de museus para apoiar o Brasil na reconstru\u00e7\u00e3o do pr\u00e9dio hist\u00f3rico. \u201cVamos precisar de muitos especialistas\u201d, disse. \u201cNesse primeiro momento, vamos identificar os tipos de especialistas de que precisamos, ap\u00f3s verificar quais os grandes problemas que ser\u00e3o diagnosticados\u201d, explicou Rossieli Soares. \u201cEm seguida, comunicaremos o Minist\u00e9rio da Cultura da Espanha sobre quais s\u00e3o as nossas necessidades. \u201d<\/p>\n<p><strong>Experi\u00eancia\u00a0<\/strong>\u2013 Com ampla trajet\u00f3ria na \u00e1rea cultural, o ministro espanhol Jos\u00e9 Cabrera \u00e9 especialista da \u00e1rea, com grande experi\u00eancia em gest\u00e3o cultural. Ele j\u00e1 dirigiu o Museu Nacional de Arte Reina Sof\u00eda, um dos mais importantes da Espanha.<\/p>\n","protected":false},"excerpt":{"rendered":"<p>O ministro da Cultura e Esporte da Espanha, Jos\u00e9 Guirao Cabrera, colocou o governo de seu pa\u00eds totalmente \u00e0 disposi\u00e7\u00e3o do Brasil para apoio efetivo na reconstru\u00e7\u00e3o do Museu Nacional, durante encontro com o ministro da Educa\u00e7\u00e3o, Rossieli Soares, nesta quinta-feira, 13, em Madri. \u201cA Espanha, pela rela\u00e7\u00e3o hist\u00f3rica que tem com o Brasil, \u00e9 um pa\u00eds que tem um [&hellip;]<\/p>\n","protected":false},"author":27,"featured_media":0,"comment_status":"open","ping_status":"closed","sticky":false,"template":"","format":"standard","meta":{"footnotes":""},"categories":[2719],"tags":[13261,760,13431,382,1924,98,13433,10752,1931,13432],"class_list":["post-10367","post","type-post","status-publish","format-standard","hentry","category-servidor","tag-acervo","tag-documentos","tag-espapnhol","tag-especialistas","tag-exposicao","tag-governo","tag-historicos","tag-museu-nacional","tag-recomposicao","tag-reconstrucao"],"_links":{"self":[{"href":"https:\/\/blogs.correiobraziliense.com.br\/servidor\/wp-json\/wp\/v2\/posts\/10367","targetHints":{"allow":["GET"]}}],"collection":[{"href":"https:\/\/blogs.correiobraziliense.com.br\/servidor\/wp-json\/wp\/v2\/posts"}],"about":[{"href":"https:\/\/blogs.correiobraziliense.com.br\/servidor\/wp-json\/wp\/v2\/types\/post"}],"author":[{"embeddable":true,"href":"https:\/\/blogs.correiobraziliense.com.br\/servidor\/wp-json\/wp\/v2\/users\/27"}],"replies":[{"embeddable":true,"href":"https:\/\/blogs.correiobraziliense.com.br\/servidor\/wp-json\/wp\/v2\/comments?post=10367"}],"version-history":[{"count":1,"href":"https:\/\/blogs.correiobraziliense.com.br\/servidor\/wp-json\/wp\/v2\/posts\/10367\/revisions"}],"predecessor-version":[{"id":10368,"href":"https:\/\/blogs.correiobraziliense.com.br\/servidor\/wp-json\/wp\/v2\/posts\/10367\/revisions\/10368"}],"wp:attachment":[{"href":"https:\/\/blogs.correiobraziliense.com.br\/servidor\/wp-json\/wp\/v2\/media?parent=10367"}],"wp:term":[{"taxonomy":"category","embeddable":true,"href":"https:\/\/blogs.correiobraziliense.com.br\/servidor\/wp-json\/wp\/v2\/categories?post=10367"},{"taxonomy":"post_tag","embeddable":true,"href":"https:\/\/blogs.correiobraziliense.com.br\/servidor\/wp-json\/wp\/v2\/tags?post=10367"}],"curies":[{"name":"wp","href":"https:\/\/api.w.org\/{rel}","templated":true}]}}