{"id":10365,"date":"2018-09-14T12:45:41","date_gmt":"2018-09-14T15:45:41","guid":{"rendered":"https:\/\/blogs.correiobraziliense.com.br\/servidor\/?p=10365"},"modified":"2018-09-14T12:45:41","modified_gmt":"2018-09-14T15:45:41","slug":"trt-10-leiloes-unificados-no-proximo-dia-20-durante-semana-nacional-de-execucao-trabalhista","status":"publish","type":"post","link":"https:\/\/blogs.correiobraziliense.com.br\/servidor\/trt-10-leiloes-unificados-no-proximo-dia-20-durante-semana-nacional-de-execucao-trabalhista\/","title":{"rendered":"TRT-10 &#8211; leil\u00f5es unificados no pr\u00f3ximo dia 20, durante Semana Nacional de Execu\u00e7\u00e3o Trabalhista"},"content":{"rendered":"<div>Este ano, o Tribunal Regional do Trabalho da 10\u00aa Regi\u00e3o (TRT-10) tem novidade para a Semana Nacional de Execu\u00e7\u00e3o Trabalhista, entre os dias 17 e <span id=\"OBJ_PREFIX_DWT736_com_zimbra_date\" class=\"Object\"><span id=\"OBJ_PREFIX_DWT741_com_zimbra_date\" class=\"Object\">21 de setembro<\/span><\/span>. Na edi\u00e7\u00e3o de 2018, os leil\u00f5es unificados, das Varas do Trabalho da 10\u00aa Regi\u00e3o, ser\u00e3o concentrados em um \u00fanico dia. O evento vai acontecer no dia 20 (<span id=\"OBJ_PREFIX_DWT737_com_zimbra_date\" class=\"Object\"><span id=\"OBJ_PREFIX_DWT742_com_zimbra_date\" class=\"Object\">quinta<\/span><\/span>-feira), a partir das 10 horas.<\/div>\n<div><\/div>\n<div>O leil\u00e3o \u00fanico, iniciativa da Coordenadoria de Apoio ao Ju\u00edzo Conciliat\u00f3rio e de Execu\u00e7\u00f5es Especiais (CDJUC) em conjunto com a diretoria do Foro Trabalhista de Bras\u00edlia, ser\u00e1 no audit\u00f3rio Coqueijo Costa,no Foro Trabalhista de Bras\u00edlia (513 Norte) e <span id=\"OBJ_PREFIX_DWT738_com_zimbra_date\" class=\"Object\"><span id=\"OBJ_PREFIX_DWT743_com_zimbra_date\" class=\"Object\">ter<\/span><\/span>\u00e1 transmiss\u00e3o ao vivo pelo canal do TRT-10 no Youtube.Entre os itens a serem leiloados est\u00e3o diversos im\u00f3veis<\/div>\n<div><\/div>\n<div>Constam do caderno de bens, dispon\u00edvel na p\u00e1gina de internet do TRT-10, uma casa no Lago Sul, avaliada em R$ 3,2 milh\u00f5es (lance m\u00ednimo R$ 1,92 milh\u00e3o), uma casa no setor Taquari (Lago Norte) avaliada em R$ 1,5 milh\u00e3o (lance m\u00ednimo R$ 900 mil), um pr\u00e9dio comercial\/residencial em Sobradinho avaliado em R$ 1 milh\u00e3o (lance m\u00ednimo R$ 300 mil), um lote de 145 m2 no Recanto das Emas, avaliado em R$ 500 mil (lance m\u00ednimo R$ 300 mil), dois apartamentos em \u00c1guas Claras, um avaliado em R$ 474 mil (lance m\u00ednimo R$ 142 mil) e outro avaliado em R$ 400 mil (lance m\u00ednimo (R$ 240 mil), um apartamento em Taguatinga avaliado em R$ 170 mil (lance m\u00ednimo R$ 102 mil), um im\u00f3vel em Samambaia avaliado em R$ 140 mil (lance m\u00ednimo R$ 84 mil).<\/div>\n<div><\/div>\n<div>Tamb\u00e9m ser\u00e3o leiloados dois im\u00f3veis no Setor Industrial de Taguatinga, um avaliado em R$ 6,125 milh\u00f5es (lance m\u00ednimo R$ 3,062 milh\u00f5es) e outro avaliado em R$ 5,6 milh\u00f5es (lance m\u00ednimo R$ 3,8 milh\u00f5es) e uma casa no Jardim Bot\u00e2nico avaliada em R$ 250 mil (lance m\u00ednimo R$ 75 mil).<\/div>\n<div><\/div>\n<div>Outros bens que ir\u00e3o a leil\u00e3o s\u00e3o ve\u00edculos como um Fiat Uno Mille 2013, avaliado em R$ 18,7 mil (lance m\u00ednimo R$ 5,6 mil), um Ford Fiesta 2014 avaliado em R$ 34 mil (lance m\u00ednimo R$ 10,2 mil), al\u00e9m de de equipamentos eletr\u00f4nicos e eletrodom\u00e9sticos, m\u00e1quinas e equipamentos industriais e de marcenaria, itens de vestu\u00e1rio e mobili\u00e1rio e at\u00e9 uma roda gigante e uma parede de escalada, avaliadas em R$ 22 mil (lance m\u00ednimo R$ 6,6 mil).<\/div>\n<div><\/div>\n<div>Os leil\u00f5es ser\u00e3o conduzidos pelos leiloeiros oficiais Jussiara Santos Ermano Sukiennik, Jorge Francisco, Jos\u00e9 Luiz Pereira Vizeu e Paulo Henrique de Almeida Tolentino.<\/div>\n<div><\/div>\n<div><b>Objetivo<\/b><\/div>\n<div><\/div>\n<div>O leil\u00e3o \u00e9 um ato determinado pelo ju\u00edzo para, a partir da penhora, vender bens do devedor com o intuito de pagar dividas trabalhistas devidas a trabalhadores em raz\u00e3o de senten\u00e7as condenat\u00f3rias. O dinheiro arrecadado vai para uma conta judicial e depois \u00e9 repassado para os trabalhadores credores. Os leil\u00f5es s\u00e3o conduzidos por leiloeiros oficiais, profissionais nomeados pelo ju\u00edzo respons\u00e1vel.<\/div>\n<p>&nbsp;<\/p>\n<p>Confira a rela\u00e7\u00e3o de bens a serem leiloados no link:\u00a0<span id=\"OBJ_PREFIX_DWT739_com_zimbra_url\" class=\"Object\"><span id=\"OBJ_PREFIX_DWT744_com_zimbra_url\" class=\"Object-hover\"><a id=\"LPlnk107129\" class=\"OWAAutoLink\" href=\"http:\/\/docs.trt10.jus.br\/docs\/anexos\/caderno_de_bens.pdf\" target=\"_blank\">http:\/\/docs.trt10.jus.br\/docs\/anexos\/caderno_de_bens.pdf<\/a><\/span><\/span><\/p>\n","protected":false},"excerpt":{"rendered":"<p>Este ano, o Tribunal Regional do Trabalho da 10\u00aa Regi\u00e3o (TRT-10) tem novidade para a Semana Nacional de Execu\u00e7\u00e3o Trabalhista, entre os dias 17 e 21 de setembro. Na edi\u00e7\u00e3o de 2018, os leil\u00f5es unificados, das Varas do Trabalho da 10\u00aa Regi\u00e3o, ser\u00e3o concentrados em um \u00fanico dia. O evento vai acontecer no dia 20 (quinta-feira), a partir das 10 [&hellip;]<\/p>\n","protected":false},"author":27,"featured_media":0,"comment_status":"open","ping_status":"closed","sticky":false,"template":"","format":"standard","meta":{"footnotes":""},"categories":[2719],"tags":[13430,11960,7232,374,1247,7381,7259,13429,3964,408,4817,7163,13428,912],"class_list":["post-10365","post","type-post","status-publish","format-standard","hentry","category-servidor","tag-arrecadado","tag-condenatoria","tag-credores","tag-dinheiro","tag-dividas","tag-leiloes","tag-penhora","tag-semana-nacional-de-execucao-trabalhista","tag-sentencas","tag-trabalhistas","tag-transmissao","tag-trt-10","tag-unificados","tag-youtube"],"_links":{"self":[{"href":"https:\/\/blogs.correiobraziliense.com.br\/servidor\/wp-json\/wp\/v2\/posts\/10365","targetHints":{"allow":["GET"]}}],"collection":[{"href":"https:\/\/blogs.correiobraziliense.com.br\/servidor\/wp-json\/wp\/v2\/posts"}],"about":[{"href":"https:\/\/blogs.correiobraziliense.com.br\/servidor\/wp-json\/wp\/v2\/types\/post"}],"author":[{"embeddable":true,"href":"https:\/\/blogs.correiobraziliense.com.br\/servidor\/wp-json\/wp\/v2\/users\/27"}],"replies":[{"embeddable":true,"href":"https:\/\/blogs.correiobraziliense.com.br\/servidor\/wp-json\/wp\/v2\/comments?post=10365"}],"version-history":[{"count":1,"href":"https:\/\/blogs.correiobraziliense.com.br\/servidor\/wp-json\/wp\/v2\/posts\/10365\/revisions"}],"predecessor-version":[{"id":10366,"href":"https:\/\/blogs.correiobraziliense.com.br\/servidor\/wp-json\/wp\/v2\/posts\/10365\/revisions\/10366"}],"wp:attachment":[{"href":"https:\/\/blogs.correiobraziliense.com.br\/servidor\/wp-json\/wp\/v2\/media?parent=10365"}],"wp:term":[{"taxonomy":"category","embeddable":true,"href":"https:\/\/blogs.correiobraziliense.com.br\/servidor\/wp-json\/wp\/v2\/categories?post=10365"},{"taxonomy":"post_tag","embeddable":true,"href":"https:\/\/blogs.correiobraziliense.com.br\/servidor\/wp-json\/wp\/v2\/tags?post=10365"}],"curies":[{"name":"wp","href":"https:\/\/api.w.org\/{rel}","templated":true}]}}