{"id":10358,"date":"2018-09-13T19:30:45","date_gmt":"2018-09-13T22:30:45","guid":{"rendered":"https:\/\/blogs.correiobraziliense.com.br\/servidor\/?p=10358"},"modified":"2018-09-13T19:30:45","modified_gmt":"2018-09-13T22:30:45","slug":"sinditamaraty-completa-9-anos-com-bandeira-de-combate-ao-assedio-no-mre","status":"publish","type":"post","link":"https:\/\/blogs.correiobraziliense.com.br\/servidor\/sinditamaraty-completa-9-anos-com-bandeira-de-combate-ao-assedio-no-mre\/","title":{"rendered":"Sinditamaraty completa 9 anos com a bandeira de combate ao ass\u00e9dio no MRE"},"content":{"rendered":"<p><em>O Sindicato Nacional do Servidores do Minist\u00e9rio das Rela\u00e7\u00f5es Exteriores (Sinditamaraty) completa nove anos nesta sexta-feira (14\/09). Apesar da curta trajet\u00f3ria, a entidade sindical re\u00fane conquistas e ganhou destaque na luta de combate ao ass\u00e9dio e \u00e0 discrimina\u00e7\u00e3o no Itamaraty, que tem sido palco de casos pol\u00eamicos que ganharam repercuss\u00e3o mundial \u2013 muitos deles denunciados pelo <strong>Correio Braziliense<\/strong>.<\/em><\/p>\n<p>Atualmente, informou a entidade sindical, gra\u00e7as \u00e0 atua\u00e7\u00e3o do Sindicato juntamente com o Minist\u00e9rio P\u00fablico do Trabalho, o Itamaraty adotou uma pol\u00edtica institucional de enfrentamento ao ass\u00e9dio e lan\u00e7ou, recentemente, uma cartilha sobre o tema. \u201c\u00c9 um avan\u00e7o aqui dentro, mas mudar a cultura hier\u00e1rquica arraigada no Itamaraty, que d\u00e1 margem a excessos, \u00e9 um processo cont\u00ednuo, de longo prazo, e que exige esfor\u00e7os de todas as carreiras\u201d, comentou o presidente do Sinditamaraty, Ernando Neves.<\/p>\n<p>Outro tema priorit\u00e1rio na agenda da entidade \u00e9 a moderniza\u00e7\u00e3o do \u00f3rg\u00e3o centen\u00e1rio. Neste sentido, o Sindicato apresentou uma proposta de lei para o Servi\u00e7o Exterior Brasileiro (SEB), constru\u00edda democraticamente, e que prev\u00ea a atua\u00e7\u00e3o das carreiras, a previsibilidade, a impessoalidade e a valoriza\u00e7\u00e3o dos servidores. \u201cNosso embate \u00e9 entre o arcaico e o novo. \u00c9 uma busca pela moderniza\u00e7\u00e3o, para al\u00e9m dos di\u00e1logos internos, temos articulado com \u00f3rg\u00e3os externos de controle e de fiscaliza\u00e7\u00e3o\u201d, afirmou Neves.<\/p>\n","protected":false},"excerpt":{"rendered":"<p>O Sindicato Nacional do Servidores do Minist\u00e9rio das Rela\u00e7\u00f5es Exteriores (Sinditamaraty) completa nove anos nesta sexta-feira (14\/09). Apesar da curta trajet\u00f3ria, a entidade sindical re\u00fane conquistas e ganhou destaque na luta de combate ao ass\u00e9dio e \u00e0 discrimina\u00e7\u00e3o no Itamaraty, que tem sido palco de casos pol\u00eamicos que ganharam repercuss\u00e3o mundial \u2013 muitos deles denunciados pelo Correio Braziliense. Atualmente, informou [&hellip;]<\/p>\n","protected":false},"author":27,"featured_media":0,"comment_status":"open","ping_status":"closed","sticky":false,"template":"","format":"standard","meta":{"footnotes":""},"categories":[2719],"tags":[1870,204,1109,2860,1800,2138,3474,2126,7373,1415,1970,2122,4360],"class_list":["post-10358","post","type-post","status-publish","format-standard","hentry","category-servidor","tag-assedio","tag-combate","tag-denunciados","tag-discriminacao","tag-enfrentamento","tag-institucional","tag-mpt","tag-mre","tag-polemicas","tag-politica","tag-repercussao","tag-sinditamaraty","tag-trajetoria"],"_links":{"self":[{"href":"https:\/\/blogs.correiobraziliense.com.br\/servidor\/wp-json\/wp\/v2\/posts\/10358","targetHints":{"allow":["GET"]}}],"collection":[{"href":"https:\/\/blogs.correiobraziliense.com.br\/servidor\/wp-json\/wp\/v2\/posts"}],"about":[{"href":"https:\/\/blogs.correiobraziliense.com.br\/servidor\/wp-json\/wp\/v2\/types\/post"}],"author":[{"embeddable":true,"href":"https:\/\/blogs.correiobraziliense.com.br\/servidor\/wp-json\/wp\/v2\/users\/27"}],"replies":[{"embeddable":true,"href":"https:\/\/blogs.correiobraziliense.com.br\/servidor\/wp-json\/wp\/v2\/comments?post=10358"}],"version-history":[{"count":1,"href":"https:\/\/blogs.correiobraziliense.com.br\/servidor\/wp-json\/wp\/v2\/posts\/10358\/revisions"}],"predecessor-version":[{"id":10359,"href":"https:\/\/blogs.correiobraziliense.com.br\/servidor\/wp-json\/wp\/v2\/posts\/10358\/revisions\/10359"}],"wp:attachment":[{"href":"https:\/\/blogs.correiobraziliense.com.br\/servidor\/wp-json\/wp\/v2\/media?parent=10358"}],"wp:term":[{"taxonomy":"category","embeddable":true,"href":"https:\/\/blogs.correiobraziliense.com.br\/servidor\/wp-json\/wp\/v2\/categories?post=10358"},{"taxonomy":"post_tag","embeddable":true,"href":"https:\/\/blogs.correiobraziliense.com.br\/servidor\/wp-json\/wp\/v2\/tags?post=10358"}],"curies":[{"name":"wp","href":"https:\/\/api.w.org\/{rel}","templated":true}]}}