{"id":10338,"date":"2018-09-12T15:23:02","date_gmt":"2018-09-12T18:23:02","guid":{"rendered":"https:\/\/blogs.correiobraziliense.com.br\/servidor\/?p=10338"},"modified":"2018-09-12T15:23:02","modified_gmt":"2018-09-12T18:23:02","slug":"sebrae-pede-apoio-da-oab-para-mandado-de-seguranca-contra-mp-da-abram","status":"publish","type":"post","link":"https:\/\/blogs.correiobraziliense.com.br\/servidor\/sebrae-pede-apoio-da-oab-para-mandado-de-seguranca-contra-mp-da-abram\/","title":{"rendered":"Sebrae pede apoio da OAB para mandado de seguran\u00e7a contra MP da Abram"},"content":{"rendered":"<p><i>Entidade protocola <span id=\"OBJ_PREFIX_DWT760_com_zimbra_date\" class=\"Object\"><span id=\"OBJ_PREFIX_DWT767_com_zimbra_date\" class=\"Object\">hoje<\/span><\/span> a\u00e7\u00e3o para suspender a decis\u00e3o do governo federal. Mandado tem apoio<span id=\"OBJ_PREFIX_DWT761_com_zimbra_date\" class=\"Object\"> de dez<\/span> entidades que lutam pela causa da micro e pequena empresa do pa\u00eds<\/i><\/p>\n<div>\n<p>O Sebrae e mais 10 entidades que lutam em prol dos pequenos neg\u00f3cios v\u00e3o pedir apoio \u00e0 Ordem dos Advogados do Brasil (OAB), nesta <span id=\"OBJ_PREFIX_DWT762_com_zimbra_date\" class=\"Object\"><span id=\"OBJ_PREFIX_DWT768_com_zimbra_date\" class=\"Object\">quarta<\/span><\/span> (12), \u00e0s 16h, em Bras\u00edlia, para o mandado de seguran\u00e7a que solicita a imediata suspens\u00e3o da Medida Provis\u00f3ria (MP) n\u00ba 850, que cria a Ag\u00eancia Brasileira de Museus (Abram).<\/p>\n<p>A MP criada pelo governo federal, na \u00faltima <span id=\"OBJ_PREFIX_DWT763_com_zimbra_date\" class=\"Object\"><span id=\"OBJ_PREFIX_DWT769_com_zimbra_date\" class=\"Object\">segunda<\/span><\/span>-feira, reserva R$ 200 milh\u00f5es do or\u00e7amento do Sebrae para a Abram. A medida \u00e9 considerada ilegal, por desvio de finalidade, e por afrontar preceitos constitucionais exigidos para a cria\u00e7\u00e3o de uma ag\u00eancia e da sua fonte de receita.<\/p>\n<p>Entre as entidades apoiadoras est\u00e3o a Confedera\u00e7\u00e3o das Associa\u00e7\u00f5es Comerciais e Empresariais do Brasil (CACB), a Uni\u00e3o Nacional de Entidades do Com\u00e9rcio e Servi\u00e7os (UNECS), entre outras.<\/p>\n<p><strong>Servi\u00e7o:<\/strong><\/p>\n<p>Local: Sede da OAB Nacional \u2013 Bras\u00edlia<\/p>\n<p>Hor\u00e1rio: 16 horas<\/p>\n<\/div>\n","protected":false},"excerpt":{"rendered":"<p>Entidade protocola hoje a\u00e7\u00e3o para suspender a decis\u00e3o do governo federal. Mandado tem apoio de dez entidades que lutam pela causa da micro e pequena empresa do pa\u00eds O Sebrae e mais 10 entidades que lutam em prol dos pequenos neg\u00f3cios v\u00e3o pedir apoio \u00e0 Ordem dos Advogados do Brasil (OAB), nesta quarta (12), \u00e0s 16h, em Bras\u00edlia, para o [&hellip;]<\/p>\n","protected":false},"author":27,"featured_media":0,"comment_status":"open","ping_status":"closed","sticky":false,"template":"","format":"standard","meta":{"footnotes":""},"categories":[2719],"tags":[13381,3745,792,13383,2986,73,124,98,2572,9816,601,853,13382,378,10156,461,5587],"class_list":["post-10338","post","type-post","status-publish","format-standard","hentry","category-servidor","tag-abram","tag-agencia","tag-apoio","tag-desvio-de-finalidade","tag-empresa","tag-entidades","tag-federal","tag-governo","tag-ilegal","tag-mandado-de-seguranca","tag-micro","tag-mp","tag-mp-850","tag-oab","tag-pequena","tag-receita","tag-sebrae"],"_links":{"self":[{"href":"https:\/\/blogs.correiobraziliense.com.br\/servidor\/wp-json\/wp\/v2\/posts\/10338","targetHints":{"allow":["GET"]}}],"collection":[{"href":"https:\/\/blogs.correiobraziliense.com.br\/servidor\/wp-json\/wp\/v2\/posts"}],"about":[{"href":"https:\/\/blogs.correiobraziliense.com.br\/servidor\/wp-json\/wp\/v2\/types\/post"}],"author":[{"embeddable":true,"href":"https:\/\/blogs.correiobraziliense.com.br\/servidor\/wp-json\/wp\/v2\/users\/27"}],"replies":[{"embeddable":true,"href":"https:\/\/blogs.correiobraziliense.com.br\/servidor\/wp-json\/wp\/v2\/comments?post=10338"}],"version-history":[{"count":1,"href":"https:\/\/blogs.correiobraziliense.com.br\/servidor\/wp-json\/wp\/v2\/posts\/10338\/revisions"}],"predecessor-version":[{"id":10339,"href":"https:\/\/blogs.correiobraziliense.com.br\/servidor\/wp-json\/wp\/v2\/posts\/10338\/revisions\/10339"}],"wp:attachment":[{"href":"https:\/\/blogs.correiobraziliense.com.br\/servidor\/wp-json\/wp\/v2\/media?parent=10338"}],"wp:term":[{"taxonomy":"category","embeddable":true,"href":"https:\/\/blogs.correiobraziliense.com.br\/servidor\/wp-json\/wp\/v2\/categories?post=10338"},{"taxonomy":"post_tag","embeddable":true,"href":"https:\/\/blogs.correiobraziliense.com.br\/servidor\/wp-json\/wp\/v2\/tags?post=10338"}],"curies":[{"name":"wp","href":"https:\/\/api.w.org\/{rel}","templated":true}]}}