{"id":10334,"date":"2018-09-12T14:42:07","date_gmt":"2018-09-12T17:42:07","guid":{"rendered":"https:\/\/blogs.correiobraziliense.com.br\/servidor\/?p=10334"},"modified":"2018-09-12T14:42:07","modified_gmt":"2018-09-12T17:42:07","slug":"cnj-e-exercito-estendem-por-um-ano-parceria-para-destruicao-de-armas","status":"publish","type":"post","link":"https:\/\/blogs.correiobraziliense.com.br\/servidor\/cnj-e-exercito-estendem-por-um-ano-parceria-para-destruicao-de-armas\/","title":{"rendered":"CNJ e Ex\u00e9rcito estendem por um ano parceria para destrui\u00e7\u00e3o de armas"},"content":{"rendered":"<div align=\"justify\"><em>Entre novembro do ano passado e junho deste ano, 183.964 artefatos usados em crimes, entre armas e muni\u00e7\u00f5es, foram recolhidos dos Tribunais de Justi\u00e7a nos Estados e encaminhados ao Ex\u00e9rcito Brasileiro para destrui\u00e7\u00e3o em uma importante contribui\u00e7\u00e3o para o desarmamento<\/em><\/div>\n<div align=\"justify\"><\/div>\n<div align=\"justify\">A ministra C\u00e1rmen L\u00facia, presidente do Conselho Nacional de Justi\u00e7a (CNJ) e do Supremo Tribunal Federal (STF), e o\u00a0general Villas Boas, comandante do Ex\u00e9rcito Brasileiro,\u00a0prorrogaram o\u00a0acordo de coopera\u00e7\u00e3o t\u00e9cnica,\u00a0assinado\u00a0em novembro passado,\u00a0para destrui\u00e7\u00e3o de armas de fogo e muni\u00e7\u00f5es sob a guarda do Poder Judici\u00e1rio. O termo aditivo prorroga o acordo por doze meses, a partir de 21 de novembro de 2018<\/div>\n<div align=\"justify\"><\/div>\n<div align=\"justify\"><\/div>\n<div align=\"justify\"><img decoding=\"async\" src=\"http:\/\/www.cnj.jus.br\/files\/conteudo\/imagem\/2018\/09\/806897cf5ede1de6b39b3f9401e164bf.png\" alt=\"files\/conteudo\/imagem\/2018\/09\/806897cf5ede1de6b39b3f9401e164bf.png\" \/><\/div>\n<div align=\"justify\">\nA parceria entre o CNJ e o Ex\u00e9rcito ampliou a efetividade da Resolu\u00e7\u00e3o 134 do CNJ que estabeleceu que os tribunais devem encaminhar ao Comando do Ex\u00e9rcito, pelo menos duas vezes por ano, as armas e muni\u00e7\u00f5es apreendidas,\u00a0a fim de serem destru\u00eddas ou doadas\u00a0para o sistema de seguran\u00e7a.<\/div>\n<div align=\"justify\"><\/div>\n<div align=\"justify\">\n<div align=\"justify\">Pelo acordo, cabe ao CNJ estabelecer parceria com os tribunais, para que enviem ao Ex\u00e9rcito, para destrui\u00e7\u00e3o ou doa\u00e7\u00e3o, as armas de fogo e muni\u00e7\u00f5es apreendidas, que estejam sob sua guarda e que sejam desnecess\u00e1rias ao prosseguimento e \u00e0 conclus\u00e3o do processo penal.<\/div>\n<div align=\"justify\"><\/div>\n<div align=\"justify\">J\u00e1 o Ex\u00e9rcito deve indicar as unidades respons\u00e1veis pelo recebimento das armas de fogo e muni\u00e7\u00f5es recolhidas junto ao Poder Judici\u00e1rio, bem como adotar medidas para garantir a celeridade do procedimento de destrui\u00e7\u00e3o ou doa\u00e7\u00e3o.<\/div>\n<div align=\"justify\"><\/div>\n<div align=\"justify\">As armas destru\u00eddas s\u00e3o as consideradas desnecess\u00e1rias pelos ju\u00edzes para a continuidade e instru\u00e7\u00e3o dos processos judiciais. Apenas uma pequena parte do armamento que est\u00e1 nos f\u00f3runs pode ser doado para a pol\u00edcia em fun\u00e7\u00e3o das suas condi\u00e7\u00f5es de uso. O acordo n\u00e3o envolve a transfer\u00eancia de recursos entre as institui\u00e7\u00f5es \u2013 cabe \u00e0s partes arcar com eventuais despesas necess\u00e1rias para seu cumprimento.<\/div>\n<div align=\"justify\"><\/div>\n<div align=\"justify\">Acesse <a href=\"http:\/\/www.cnj.jus.br\/files\/conteudo\/arquivo\/2017\/11\/14b1bf57041903d1fa7b4b5293a1891a.pdf\" target=\"_blank\" rel=\"alternate noopener\">aqui<\/a> ao acordo de coopera\u00e7\u00e3o t\u00e9cnica assinado em 21 de novembro de 2017 pela ministra C\u00e1rmen L\u00facia e pelo general Villas Boas, comandante do Ex\u00e9rcito Brasileiro.<\/div>\n<\/div>\n","protected":false},"excerpt":{"rendered":"<p>Entre novembro do ano passado e junho deste ano, 183.964 artefatos usados em crimes, entre armas e muni\u00e7\u00f5es, foram recolhidos dos Tribunais de Justi\u00e7a nos Estados e encaminhados ao Ex\u00e9rcito Brasileiro para destrui\u00e7\u00e3o em uma importante contribui\u00e7\u00e3o para o desarmamento A ministra C\u00e1rmen L\u00facia, presidente do Conselho Nacional de Justi\u00e7a (CNJ) e do Supremo Tribunal Federal (STF), e o\u00a0general Villas [&hellip;]<\/p>\n","protected":false},"author":27,"featured_media":0,"comment_status":"open","ping_status":"closed","sticky":false,"template":"","format":"standard","meta":{"footnotes":""},"categories":[2719],"tags":[4799,13375,254,1178,1642,13377,7210,3670,13376,13379,1772,1137,34,369,13378,120],"class_list":["post-10334","post","type-post","status-publish","format-standard","hentry","category-servidor","tag-armas","tag-artefatos","tag-cnj","tag-cooperacao","tag-crimes","tag-desarmamento","tag-destruicao","tag-exercito","tag-municcoes","tag-operacao-vulcao","tag-parceria","tag-poder-judiciario","tag-stf","tag-tecnica","tag-termo-aditivo","tag-tribunais"],"_links":{"self":[{"href":"https:\/\/blogs.correiobraziliense.com.br\/servidor\/wp-json\/wp\/v2\/posts\/10334","targetHints":{"allow":["GET"]}}],"collection":[{"href":"https:\/\/blogs.correiobraziliense.com.br\/servidor\/wp-json\/wp\/v2\/posts"}],"about":[{"href":"https:\/\/blogs.correiobraziliense.com.br\/servidor\/wp-json\/wp\/v2\/types\/post"}],"author":[{"embeddable":true,"href":"https:\/\/blogs.correiobraziliense.com.br\/servidor\/wp-json\/wp\/v2\/users\/27"}],"replies":[{"embeddable":true,"href":"https:\/\/blogs.correiobraziliense.com.br\/servidor\/wp-json\/wp\/v2\/comments?post=10334"}],"version-history":[{"count":1,"href":"https:\/\/blogs.correiobraziliense.com.br\/servidor\/wp-json\/wp\/v2\/posts\/10334\/revisions"}],"predecessor-version":[{"id":10335,"href":"https:\/\/blogs.correiobraziliense.com.br\/servidor\/wp-json\/wp\/v2\/posts\/10334\/revisions\/10335"}],"wp:attachment":[{"href":"https:\/\/blogs.correiobraziliense.com.br\/servidor\/wp-json\/wp\/v2\/media?parent=10334"}],"wp:term":[{"taxonomy":"category","embeddable":true,"href":"https:\/\/blogs.correiobraziliense.com.br\/servidor\/wp-json\/wp\/v2\/categories?post=10334"},{"taxonomy":"post_tag","embeddable":true,"href":"https:\/\/blogs.correiobraziliense.com.br\/servidor\/wp-json\/wp\/v2\/tags?post=10334"}],"curies":[{"name":"wp","href":"https:\/\/api.w.org\/{rel}","templated":true}]}}