{"id":10326,"date":"2018-09-11T19:26:01","date_gmt":"2018-09-11T22:26:01","guid":{"rendered":"https:\/\/blogs.correiobraziliense.com.br\/servidor\/?p=10326"},"modified":"2018-09-11T19:26:01","modified_gmt":"2018-09-11T22:26:01","slug":"proposta-de-novo-regimento-interno-do-cade-esta-disponivel-para-consulta-publica","status":"publish","type":"post","link":"https:\/\/blogs.correiobraziliense.com.br\/servidor\/proposta-de-novo-regimento-interno-do-cade-esta-disponivel-para-consulta-publica\/","title":{"rendered":"Proposta de novo Regimento Interno do Cade est\u00e1 dispon\u00edvel para consulta p\u00fablica"},"content":{"rendered":"<p><i>Contribui\u00e7\u00f5es devem ser enviadas por e-mail<\/i><\/p>\n<p>O Conselho Administrativo de Defesa Econ\u00f4mica (Cade) abriu prazo para consulta p\u00fablica \u00e0 nova proposta de Regimento Interno da autarquia.<\/p>\n<p>O Regimento regulamenta os procedimentos do Cade, al\u00e9m de detalhar a estrutura organizacional da autarquia, as compet\u00eancias das unidades administrativas e as atribui\u00e7\u00f5es de seus respectivos dirigentes.<\/p>\n<p>A minuta do documento est\u00e1 dispon\u00edvel no site do Cade, na se\u00e7\u00e3o Participa\u00e7\u00e3o Social. O prazo para recebimento de contribui\u00e7\u00f5es vai at\u00e9 <span id=\"OBJ_PREFIX_DWT675_com_zimbra_date\" class=\"Object\"><span id=\"OBJ_PREFIX_DWT679_com_zimbra_date\" class=\"Object\">10 de outubro<\/span><\/span> e as sugest\u00f5es devem ser encaminhadas para o e-mail\u00a0<span id=\"OBJ_PREFIX_DWT676_ZmEmailObjectHandler\" class=\"Object\"><span id=\"OBJ_PREFIX_DWT680_ZmEmailObjectHandler\" class=\"Object\"><a href=\"mailto:consulta022018@cade.gov.br\" target=\"_blank\">consulta022018@cade.gov.br<\/a><\/span><\/span>.<\/p>\n<p>As propostas acatadas ser\u00e3o consolidadas \u00e0 vers\u00e3o final do documento, ap\u00f3s aprecia\u00e7\u00e3o pelo plen\u00e1rio do Cade.<\/p>\n<p>Acesse a\u00a0<span id=\"OBJ_PREFIX_DWT677_com_zimbra_url\" class=\"Object\"><span id=\"OBJ_PREFIX_DWT681_com_zimbra_url\" class=\"Object\"><a title=\"Minuta de proposta do Regimento Interno\" href=\"http:\/\/www.cade.gov.br\/acesso-a-informacao\/participacao-social-1\/consultas-publicas-em-andamento\/proposta-de-novo-regimento-interno\" target=\"_blank\">minuta do Novo Regimento Interno<\/a><\/span><\/span>\u00a0e a\u00a0<span id=\"OBJ_PREFIX_DWT678_com_zimbra_url\" class=\"Object\"><span id=\"OBJ_PREFIX_DWT682_com_zimbra_url\" class=\"Object\"><a title=\"Exposi\u00e7\u00e3o de motivos\" href=\"https:\/\/sei.cade.gov.br\/sei\/modulos\/pesquisa\/md_pesq_documento_consulta_externa.php?DZ2uWeaYicbuRZEFhBt-n3BfPLlu9u7akQAh8mpB9yPkPDDUvdSz4crxI4PIawpjoSYFBKor1UN5LwZMsP8cqyUnvXtAhRXoZ4SV-g2A856esHHXProb4qyvmU8f0NZH\" target=\"_blank\">exposi\u00e7\u00e3o de motivos<\/a><\/span><\/span>.<\/p>\n","protected":false},"excerpt":{"rendered":"<p>Contribui\u00e7\u00f5es devem ser enviadas por e-mail O Conselho Administrativo de Defesa Econ\u00f4mica (Cade) abriu prazo para consulta p\u00fablica \u00e0 nova proposta de Regimento Interno da autarquia. O Regimento regulamenta os procedimentos do Cade, al\u00e9m de detalhar a estrutura organizacional da autarquia, as compet\u00eancias das unidades administrativas e as atribui\u00e7\u00f5es de seus respectivos dirigentes. A minuta do documento est\u00e1 dispon\u00edvel no [&hellip;]<\/p>\n","protected":false},"author":27,"featured_media":0,"comment_status":"open","ping_status":"closed","sticky":false,"template":"","format":"standard","meta":{"footnotes":""},"categories":[2719],"tags":[5662,954,12698,2488,804,5531,54,13369],"class_list":["post-10326","post","type-post","status-publish","format-standard","hentry","category-servidor","tag-autarquia","tag-cade","tag-consulta-publica","tag-contribuicoes","tag-documento","tag-interno","tag-proposta","tag-regimetno"],"_links":{"self":[{"href":"https:\/\/blogs.correiobraziliense.com.br\/servidor\/wp-json\/wp\/v2\/posts\/10326","targetHints":{"allow":["GET"]}}],"collection":[{"href":"https:\/\/blogs.correiobraziliense.com.br\/servidor\/wp-json\/wp\/v2\/posts"}],"about":[{"href":"https:\/\/blogs.correiobraziliense.com.br\/servidor\/wp-json\/wp\/v2\/types\/post"}],"author":[{"embeddable":true,"href":"https:\/\/blogs.correiobraziliense.com.br\/servidor\/wp-json\/wp\/v2\/users\/27"}],"replies":[{"embeddable":true,"href":"https:\/\/blogs.correiobraziliense.com.br\/servidor\/wp-json\/wp\/v2\/comments?post=10326"}],"version-history":[{"count":1,"href":"https:\/\/blogs.correiobraziliense.com.br\/servidor\/wp-json\/wp\/v2\/posts\/10326\/revisions"}],"predecessor-version":[{"id":10327,"href":"https:\/\/blogs.correiobraziliense.com.br\/servidor\/wp-json\/wp\/v2\/posts\/10326\/revisions\/10327"}],"wp:attachment":[{"href":"https:\/\/blogs.correiobraziliense.com.br\/servidor\/wp-json\/wp\/v2\/media?parent=10326"}],"wp:term":[{"taxonomy":"category","embeddable":true,"href":"https:\/\/blogs.correiobraziliense.com.br\/servidor\/wp-json\/wp\/v2\/categories?post=10326"},{"taxonomy":"post_tag","embeddable":true,"href":"https:\/\/blogs.correiobraziliense.com.br\/servidor\/wp-json\/wp\/v2\/tags?post=10326"}],"curies":[{"name":"wp","href":"https:\/\/api.w.org\/{rel}","templated":true}]}}