{"id":10322,"date":"2018-09-11T16:28:46","date_gmt":"2018-09-11T19:28:46","guid":{"rendered":"https:\/\/blogs.correiobraziliense.com.br\/servidor\/?p=10322"},"modified":"2018-09-11T16:28:46","modified_gmt":"2018-09-11T19:28:46","slug":"magistrados-vao-discutir-etica-judicial-em-seminario-no-trt","status":"publish","type":"post","link":"https:\/\/blogs.correiobraziliense.com.br\/servidor\/magistrados-vao-discutir-etica-judicial-em-seminario-no-trt\/","title":{"rendered":"Magistrados v\u00e3o discutir \u00e9tica judicial em semin\u00e1rio no TRT-10"},"content":{"rendered":"<div><em>O Tribunal Regional do Trabalho da 10\u00aa Regi\u00e3o sediar\u00e1 nos dias 20 e 21 de setembro o Semin\u00e1rio \u00c9tica e Magistratura, organizado pela Escola Nacional de Forma\u00e7\u00e3o e Aperfei\u00e7oamento de Magistrados do Trabalho (Enamat)<\/em><\/div>\n<div><\/div>\n<div>O evento deve reunir 180 magistrados do segmento trabalhista de todo o pa\u00eds para discutir temas como \u00e9tica judicial, sensibilidade de informa\u00e7\u00f5es de magistrados nas redes sociais, imparcialidade e \u00e9tica do juiz, entre outros. As atividades acontecer\u00e3o na sala de sess\u00f5es Her\u00e1cito Pena J\u00fanior, no edif\u00edcio-sede, em Bras\u00edlia.Para o juiz do trabalho respons\u00e1vel pelos cursos da Enamat, Giovanni Olsson, o tema \u00e9 de extrema import\u00e2ncia e repercuss\u00e3o para a pr\u00e1tica profissional.<\/div>\n<div><\/div>\n<div>\u201cA \u00e9tica precisa ser discutida com profundidade n\u00e3o apenas na sociedade como um todo, mas tamb\u00e9m nas profiss\u00f5es jur\u00eddicas\u201d, observou. Segundo ele, o atual contexto hist\u00f3rico brasileiro acaba por impor ao magistrado deveres e cautelas maiores do que a outros profissionais. \u201cUma sociedade globalizada \u00e9 hipercomplexa, com elevada potencialidade de conflitos que envolvem dimens\u00f5es econ\u00f4micas, sociais e pol\u00edticas, que muitas vezes s\u00e3o judicializados\u201d, lembrou.<\/div>\n<div><\/div>\n<div><b>Programa\u00e7\u00e3o<\/b><\/div>\n<div><\/div>\n<div>\n<div>A presidente do Tribunal, desembargadora Maria Regina Machado Guimar\u00e3es, far\u00e1 a abertura oficial do evento, \u00e0s 18h, junto com o presidente do Tribunal Superior do Trabalho (TST), ministro Jo\u00e3o Batista Brito Pereira; da conselheira da Enamat, ministra K\u00e1tia Magalh\u00e3es Arruda; e da diretora da Escola Judicial do TRT-10, Fl\u00e1via Sim\u00f5es Falc\u00e3o. Logo em seguida, \u00e0s 19h, ser\u00e1 realizada a confer\u00eancia sobre \u00e9tica judicial com o professor doutor Daniel Sarmento, da Universidade do Estado do Rio de Janeiro (Uerj).<\/div>\n<div><\/div>\n<div>O segundo dia do semin\u00e1rio ter\u00e1 mais quatro confer\u00eancias, que acontecer\u00e3o de manh\u00e3, das 9h \u00e0s 11h30, e \u00e0 tarde, das 14h \u00e0s 16h30. A primeira ser\u00e1 proferida pelo Eduardo Carlos Bianca Bittar, professor da Universidade do Vale do Rio dos Sinos (Unisinos-RS), sobre as implica\u00e7\u00f5es \u00e9ticas nas redes sociais para os membros do Poder Judici\u00e1rio. J\u00e1 na segunda confer\u00eancia, o delegado da Pol\u00edcia Federal Jos\u00e9 Fernando Moraes Chuy tratar\u00e1 das redes sociais e as informa\u00e7\u00f5es sens\u00edveis dos magistrados. Na sequ\u00eancia, acontecer\u00e3o confer\u00eancias sobre como decidem os tribunais, com o professor Jos\u00e9 Rodrigo Rodriguez (Unisinos-RS); e imparcialidade e \u00e9tica do juiz, com o professor Nelson Nery Junior, da PUC-SP.<\/div>\n<div><\/div>\n<div><b>Lan\u00e7amento<\/b><\/div>\n<div><\/div>\n<div>As atividades do evento se encerram com o lan\u00e7amento da nova TV Enamat no Youtube, que ser\u00e1 apresentada aos participantes pelo ministro Luiz Philippe Vieira de Mello Filho, diretor da Escola Nacional. O canal, que antes disponibilizava apenas conte\u00fado institucional e entrevistas com especialistas, sofreu uma reformula\u00e7\u00e3o para priorizar a publica\u00e7\u00e3o de v\u00eddeos para forma\u00e7\u00e3o e aperfei\u00e7oamento de magistrados, como videoaulas que j\u00e1 comp\u00f5em o acervo digital da institui\u00e7\u00e3o e foram exclusivamente selecionadas por uma comiss\u00e3o para serem disponibilizadas na plataforma de compartilhamento de v\u00eddeos mais utilizada da atualidade.<\/div>\n<\/div>\n","protected":false},"excerpt":{"rendered":"<p>O Tribunal Regional do Trabalho da 10\u00aa Regi\u00e3o sediar\u00e1 nos dias 20 e 21 de setembro o Semin\u00e1rio \u00c9tica e Magistratura, organizado pela Escola Nacional de Forma\u00e7\u00e3o e Aperfei\u00e7oamento de Magistrados do Trabalho (Enamat) O evento deve reunir 180 magistrados do segmento trabalhista de todo o pa\u00eds para discutir temas como \u00e9tica judicial, sensibilidade de informa\u00e7\u00f5es de magistrados nas redes [&hellip;]<\/p>\n","protected":false},"author":27,"featured_media":0,"comment_status":"open","ping_status":"closed","sticky":false,"template":"","format":"standard","meta":{"footnotes":""},"categories":[2719],"tags":[1305,11384,6905,3694,951,13366,621,1187,1970,267,3347,351,2157,7163],"class_list":["post-10322","post","type-post","status-publish","format-standard","hentry","category-servidor","tag-discutir","tag-enamat","tag-globalizadas","tag-imparcialidade","tag-judicial","tag-letica","tag-magistrados","tag-pratica","tag-repercussao","tag-seminario","tag-sensibilidade","tag-sociedade","tag-trabalhista","tag-trt-10"],"_links":{"self":[{"href":"https:\/\/blogs.correiobraziliense.com.br\/servidor\/wp-json\/wp\/v2\/posts\/10322","targetHints":{"allow":["GET"]}}],"collection":[{"href":"https:\/\/blogs.correiobraziliense.com.br\/servidor\/wp-json\/wp\/v2\/posts"}],"about":[{"href":"https:\/\/blogs.correiobraziliense.com.br\/servidor\/wp-json\/wp\/v2\/types\/post"}],"author":[{"embeddable":true,"href":"https:\/\/blogs.correiobraziliense.com.br\/servidor\/wp-json\/wp\/v2\/users\/27"}],"replies":[{"embeddable":true,"href":"https:\/\/blogs.correiobraziliense.com.br\/servidor\/wp-json\/wp\/v2\/comments?post=10322"}],"version-history":[{"count":1,"href":"https:\/\/blogs.correiobraziliense.com.br\/servidor\/wp-json\/wp\/v2\/posts\/10322\/revisions"}],"predecessor-version":[{"id":10323,"href":"https:\/\/blogs.correiobraziliense.com.br\/servidor\/wp-json\/wp\/v2\/posts\/10322\/revisions\/10323"}],"wp:attachment":[{"href":"https:\/\/blogs.correiobraziliense.com.br\/servidor\/wp-json\/wp\/v2\/media?parent=10322"}],"wp:term":[{"taxonomy":"category","embeddable":true,"href":"https:\/\/blogs.correiobraziliense.com.br\/servidor\/wp-json\/wp\/v2\/categories?post=10322"},{"taxonomy":"post_tag","embeddable":true,"href":"https:\/\/blogs.correiobraziliense.com.br\/servidor\/wp-json\/wp\/v2\/tags?post=10322"}],"curies":[{"name":"wp","href":"https:\/\/api.w.org\/{rel}","templated":true}]}}