{"id":1031,"date":"2016-02-18T17:31:08","date_gmt":"2016-02-18T19:31:08","guid":{"rendered":"https:\/\/blogs.correiobraziliense.com.br\/servidor\/?p=1031"},"modified":"2016-02-18T17:31:08","modified_gmt":"2016-02-18T19:31:08","slug":"sindnacoes-faz-ato-de-protesto-contra-assedio-moral-na-embaixada-da-liga-arabe","status":"publish","type":"post","link":"https:\/\/blogs.correiobraziliense.com.br\/servidor\/sindnacoes-faz-ato-de-protesto-contra-assedio-moral-na-embaixada-da-liga-arabe\/","title":{"rendered":"SINDNA\u00c7\u00d5ES FAZ ATO DE PROTESTO CONTRA ASS\u00c9DIO MORAL NA EMBAIXADA DA LIGA \u00c1RABE"},"content":{"rendered":"<p><em>Nesta sexta feira dia 19 de fevereiro de,\u00a0 a partir das 10 horas<\/em><\/p>\n<p>&nbsp;<\/p>\n<p>O Sindicato Nacional dos Trabalhadores em Embaixadas, Consulados, Organismos Internacionais e Empregados que Laboram para Estado Estrangeiro ou para Membros do Corpo Diplom\u00e1tico Estrangeiro no Brasil (Sindna\u00e7\u00f5es) far\u00e1, amanh\u00e3 uma manifesta\u00e7\u00e3o contra o embaixador da embaixada da Liga \u00c1rabe, por pr\u00e1tica de ass\u00e9dio moral, aumento da carga hor\u00e1ria, redu\u00e7\u00e3o de sal\u00e1rio, n\u00e3o cumprimento das leis trabalhistas, desrespeito \u00e0s notas do Itamaraty,\u00a0 entre outras arbitrariedades.<\/p>\n<p>Endere\u00e7o: QI 26 CONJ. 14, CASA 07- LAGO SUL \u2013 DF.<\/p>\n<p>Ponto de refer\u00eancia para acesso ao local, ponte JK, indo do plano piloto no final da ponte contornando a direita por cima do viaduto em dire\u00e7\u00e3o ao Parano\u00e1, o primeiro retorno a esquerda, logo em seguida a direita entrando na QI 26.<\/p>\n","protected":false},"excerpt":{"rendered":"<p>Nesta sexta feira dia 19 de fevereiro de,\u00a0 a partir das 10 horas &nbsp; O Sindicato Nacional dos Trabalhadores em Embaixadas, Consulados, Organismos Internacionais e Empregados que Laboram para Estado Estrangeiro ou para Membros do Corpo Diplom\u00e1tico Estrangeiro no Brasil (Sindna\u00e7\u00f5es) far\u00e1, amanh\u00e3 uma manifesta\u00e7\u00e3o contra o embaixador da embaixada da Liga \u00c1rabe, por pr\u00e1tica de ass\u00e9dio moral, aumento da [&hellip;]<\/p>\n","protected":false},"author":27,"featured_media":0,"comment_status":"open","ping_status":"closed","sticky":false,"template":"","format":"standard","meta":{"footnotes":""},"categories":[1],"tags":[919,915,75,917,177,916,718,918,914],"class_list":["post-1031","post","type-post","status-publish","format-standard","hentry","category-sem-categoria","tag-arritrariedades","tag-assedio-moral","tag-aumento","tag-carga-horaria","tag-contra","tag-embaixada-da-liga-arabe","tag-protesto","tag-reducao-salario","tag-sindnacoes"],"_links":{"self":[{"href":"https:\/\/blogs.correiobraziliense.com.br\/servidor\/wp-json\/wp\/v2\/posts\/1031","targetHints":{"allow":["GET"]}}],"collection":[{"href":"https:\/\/blogs.correiobraziliense.com.br\/servidor\/wp-json\/wp\/v2\/posts"}],"about":[{"href":"https:\/\/blogs.correiobraziliense.com.br\/servidor\/wp-json\/wp\/v2\/types\/post"}],"author":[{"embeddable":true,"href":"https:\/\/blogs.correiobraziliense.com.br\/servidor\/wp-json\/wp\/v2\/users\/27"}],"replies":[{"embeddable":true,"href":"https:\/\/blogs.correiobraziliense.com.br\/servidor\/wp-json\/wp\/v2\/comments?post=1031"}],"version-history":[{"count":1,"href":"https:\/\/blogs.correiobraziliense.com.br\/servidor\/wp-json\/wp\/v2\/posts\/1031\/revisions"}],"predecessor-version":[{"id":1032,"href":"https:\/\/blogs.correiobraziliense.com.br\/servidor\/wp-json\/wp\/v2\/posts\/1031\/revisions\/1032"}],"wp:attachment":[{"href":"https:\/\/blogs.correiobraziliense.com.br\/servidor\/wp-json\/wp\/v2\/media?parent=1031"}],"wp:term":[{"taxonomy":"category","embeddable":true,"href":"https:\/\/blogs.correiobraziliense.com.br\/servidor\/wp-json\/wp\/v2\/categories?post=1031"},{"taxonomy":"post_tag","embeddable":true,"href":"https:\/\/blogs.correiobraziliense.com.br\/servidor\/wp-json\/wp\/v2\/tags?post=1031"}],"curies":[{"name":"wp","href":"https:\/\/api.w.org\/{rel}","templated":true}]}}