{"id":10304,"date":"2018-09-06T20:43:00","date_gmt":"2018-09-06T23:43:00","guid":{"rendered":"https:\/\/blogs.correiobraziliense.com.br\/servidor\/?p=10304"},"modified":"2018-09-06T20:43:00","modified_gmt":"2018-09-06T23:43:00","slug":"pesquisador-do-fgv-ceri-analisa-os-pros-e-contras-das-privatizacoes-no-brasil","status":"publish","type":"post","link":"https:\/\/blogs.correiobraziliense.com.br\/servidor\/pesquisador-do-fgv-ceri-analisa-os-pros-e-contras-das-privatizacoes-no-brasil\/","title":{"rendered":"Pesquisador do FGV CERI analisa os pr\u00f3s e contras das privatiza\u00e7\u00f5es no Brasil"},"content":{"rendered":"<p><em>Na avalia\u00e7\u00e3o do pesquisador do Centro de Estudos em Regula\u00e7\u00e3o e Infraestrutura da Funda\u00e7\u00e3o Getulio Vargas (FGV CERI), Edson Gon\u00e7alves, a privatiza\u00e7\u00e3o de empresas estatais precisa ser analisada caso a caso. De acordo com ele, os candidatos \u00e0 Presid\u00eancia n\u00e3o deveriam vender um ativo apenas para economizar gastos<\/em><\/p>\n<p>&#8220;O objetivo principal de uma privatiza\u00e7\u00e3o \u00e9 o retorno que <span id=\"OBJ_PREFIX_DWT2116_com_zimbra_date\" class=\"Object\"><span id=\"OBJ_PREFIX_DWT2126_com_zimbra_date\" class=\"Object\">ter<\/span><\/span>\u00e1 para a sociedade. Sempre existem riscos desse processo n\u00e3o dar certo; quando n\u00e3o \u00e9 bem desenhado, seleciona maus competidores. Esse \u00e9 um dos principais problemas no Brasil&#8221;, afirma Edson Gon\u00e7alves, que tamb\u00e9m \u00e9 professor da FGV EBAPE e FGV EPGE. Gon\u00e7alves explica que nesses casos alguns vencedores de leil\u00f5es pressionam o governo federal, que j\u00e1 lida com dificuldades financeiras, para renegociar o projeto. &#8220;Nesse cen\u00e1rio, o governo ou tem que retomar o ativo ou corre o risco de n\u00e3o ver cumpridos os prop\u00f3sitos da privatiza\u00e7\u00e3o&#8221;, aponta o pesquisador do FGV CERI<\/p>\n<p>Edson Gon\u00e7alves pondera, no entanto, que a palavra privatiza\u00e7\u00e3o n\u00e3o deve ser uma discuss\u00e3o pol\u00edtico-ideol\u00f3gica, e sim, econ\u00f4mica. Para ele, a economia est\u00e1 acima disso tudo. &#8220;O problema brasileiro \u00e9 que as privatiza\u00e7\u00f5es foram motivadas por quadros econ\u00f4micos grav\u00edssimos. Essas parcerias p\u00fablico-privadas deveriam ser naturais. Elas n\u00e3o podem ser for\u00e7adas por restri\u00e7\u00f5es fiscais. A busca por efici\u00eancia e retorno social, ancorada em desenho de mercados \u00e9 que deve ser o objetivo maior, a despeito de nosso quadro fiscal grav\u00edssimo, em que as privatiza\u00e7\u00f5es podem, de fato, refor\u00e7ar o caixa do estado&#8221;, explica.<\/p>\n<p><strong>Pr\u00f3ximo presidente<\/strong><\/p>\n<p>O pesquisador do FGV CERI alega que, mesmo que o pr\u00f3ximo presidente consiga implementar uma s\u00e9rie de privatiza\u00e7\u00f5es e concess\u00f5es, ele <span id=\"OBJ_PREFIX_DWT2117_com_zimbra_date\" class=\"Object\"><span id=\"OBJ_PREFIX_DWT2127_com_zimbra_date\" class=\"Object\">ter<\/span><\/span>\u00e1 que resolver problemas b\u00e1sicos de governan\u00e7a, tais quais a realoca\u00e7\u00e3o e a fiscaliza\u00e7\u00e3o de recursos. Gon\u00e7alves cita a captura pol\u00edtica das institui\u00e7\u00f5es como exemplo. &#8220;Nossas ag\u00eancias regulat\u00f3rias s\u00e3o ainda muito atreladas a governos. Todas deveriam ser independentes, sem quadros dirigentes formados por indica\u00e7\u00f5es pol\u00edticas&#8221;, observa.<\/p>\n","protected":false},"excerpt":{"rendered":"<p>Na avalia\u00e7\u00e3o do pesquisador do Centro de Estudos em Regula\u00e7\u00e3o e Infraestrutura da Funda\u00e7\u00e3o Getulio Vargas (FGV CERI), Edson Gon\u00e7alves, a privatiza\u00e7\u00e3o de empresas estatais precisa ser analisada caso a caso. De acordo com ele, os candidatos \u00e0 Presid\u00eancia n\u00e3o deveriam vender um ativo apenas para economizar gastos &#8220;O objetivo principal de uma privatiza\u00e7\u00e3o \u00e9 o retorno que ter\u00e1 para [&hellip;]<\/p>\n","protected":false},"author":27,"featured_media":0,"comment_status":"open","ping_status":"closed","sticky":false,"template":"","format":"standard","meta":{"footnotes":""},"categories":[2719],"tags":[2277,178,13327,13324,13326,13325,1727,13323,1169,1522,7381,5725,119,1344,1157,12383,351],"class_list":["post-10304","post","type-post","status-publish","format-standard","hentry","category-servidor","tag-analisa","tag-candidatos","tag-competidores","tag-contras","tag-desenhado","tag-econmizar","tag-estatais","tag-fgv-ceri","tag-gastos","tag-governo-federal","tag-leiloes","tag-pesquisador","tag-presidencia","tag-privatizacoes","tag-processo","tag-pros","tag-sociedade"],"_links":{"self":[{"href":"https:\/\/blogs.correiobraziliense.com.br\/servidor\/wp-json\/wp\/v2\/posts\/10304","targetHints":{"allow":["GET"]}}],"collection":[{"href":"https:\/\/blogs.correiobraziliense.com.br\/servidor\/wp-json\/wp\/v2\/posts"}],"about":[{"href":"https:\/\/blogs.correiobraziliense.com.br\/servidor\/wp-json\/wp\/v2\/types\/post"}],"author":[{"embeddable":true,"href":"https:\/\/blogs.correiobraziliense.com.br\/servidor\/wp-json\/wp\/v2\/users\/27"}],"replies":[{"embeddable":true,"href":"https:\/\/blogs.correiobraziliense.com.br\/servidor\/wp-json\/wp\/v2\/comments?post=10304"}],"version-history":[{"count":1,"href":"https:\/\/blogs.correiobraziliense.com.br\/servidor\/wp-json\/wp\/v2\/posts\/10304\/revisions"}],"predecessor-version":[{"id":10305,"href":"https:\/\/blogs.correiobraziliense.com.br\/servidor\/wp-json\/wp\/v2\/posts\/10304\/revisions\/10305"}],"wp:attachment":[{"href":"https:\/\/blogs.correiobraziliense.com.br\/servidor\/wp-json\/wp\/v2\/media?parent=10304"}],"wp:term":[{"taxonomy":"category","embeddable":true,"href":"https:\/\/blogs.correiobraziliense.com.br\/servidor\/wp-json\/wp\/v2\/categories?post=10304"},{"taxonomy":"post_tag","embeddable":true,"href":"https:\/\/blogs.correiobraziliense.com.br\/servidor\/wp-json\/wp\/v2\/tags?post=10304"}],"curies":[{"name":"wp","href":"https:\/\/api.w.org\/{rel}","templated":true}]}}