{"id":10302,"date":"2018-09-06T20:34:57","date_gmt":"2018-09-06T23:34:57","guid":{"rendered":"https:\/\/blogs.correiobraziliense.com.br\/servidor\/?p=10302"},"modified":"2018-09-06T20:34:57","modified_gmt":"2018-09-06T23:34:57","slug":"bndes-prorroga-em-10-dias-prazo-de-consulta-publica-sobre-transparencia","status":"publish","type":"post","link":"https:\/\/blogs.correiobraziliense.com.br\/servidor\/bndes-prorroga-em-10-dias-prazo-de-consulta-publica-sobre-transparencia\/","title":{"rendered":"BNDES prorroga em 10 dias prazo de consulta p\u00fablica sobre transpar\u00eancia"},"content":{"rendered":"<p><span style=\"font-family: Arial;font-size: medium\"><i>Contribui\u00e7\u00f5es e sugest\u00f5es da sociedade poder\u00e3o ser enviadas at\u00e9 <span id=\"OBJ_PREFIX_DWT1629_com_zimbra_date\" class=\"Object\"><span id=\"OBJ_PREFIX_DWT1638_com_zimbra_date\" class=\"Object\">16 de setembro<\/span><\/span>, por meio formul\u00e1rio dispon\u00edvel em <\/i><\/span><span id=\"OBJ_PREFIX_DWT1630_com_zimbra_url\" class=\"Object\"><span id=\"OBJ_PREFIX_DWT1639_com_zimbra_url\" class=\"Object\"><a href=\"http:\/\/www.bndes.gov.br\/transparencia\" target=\"_blank\"><span style=\"font-family: Arial;font-size: medium\"><i>www.bndes.gov.br\/transparencia. <\/i><\/span><\/a><\/span><\/span><span style=\"font-family: Arial;font-size: medium\"><i>Iniciativa, em parceria com o TCU, foi lan\u00e7ada no \u00faltimo dia <span id=\"OBJ_PREFIX_DWT1631_com_zimbra_date\" class=\"Object\"><span id=\"OBJ_PREFIX_DWT1640_com_zimbra_date\" class=\"Object\">21 de agosto<\/span><\/span>, quando o Banco abriu ao p\u00fablico sua nova plataforma de transpar\u00eancia<\/i><\/span><\/p>\n<p><span style=\"font-family: Arial;font-size: medium\">O Banco Nacional de Desenvolvimento Econ\u00f4mico e Social (BNDES) estendeu por mais dez dias o prazo para recebimento de contribui\u00e7\u00f5es e sugest\u00f5es da sociedade para o aperfei\u00e7oamento da plataforma BNDES transparente (<\/span><span id=\"OBJ_PREFIX_DWT1632_com_zimbra_url\" class=\"Object\"><span id=\"OBJ_PREFIX_DWT1641_com_zimbra_url\" class=\"Object\"><a href=\"http:\/\/www.bndes.gov.br\/transparencia\" target=\"_blank\"><span style=\"color: blue;font-family: Arial;font-size: medium\"><u>www.bndes.gov.br\/transparencia<\/u><\/span><\/a><\/span><\/span><span style=\"font-family: Arial;font-size: medium\">), por meio da qual o Banco d\u00e1 informa\u00e7\u00f5es sobre suas opera\u00e7\u00f5es de financiamento.<\/span><\/p>\n<p><span style=\"font-family: Arial;font-size: medium\">A consulta p\u00fablica \u2014 uma iniciativa conjunta entre o BNDES e o Tribunal de Contas da Uni\u00e3o (TCU) \u2014 foi lan\u00e7ada no \u00faltimo dia <span id=\"OBJ_PREFIX_DWT1633_com_zimbra_date\" class=\"Object\"><span id=\"OBJ_PREFIX_DWT1642_com_zimbra_date\" class=\"Object\">21 de agosto<\/span><\/span> e estendida at\u00e9 o pr\u00f3ximo dia <span id=\"OBJ_PREFIX_DWT1634_com_zimbra_date\" class=\"Object\"><span id=\"OBJ_PREFIX_DWT1643_com_zimbra_date\" class=\"Object\">16 de setembro<\/span><\/span> (o prazo inicial de encerramento seria nesta <span id=\"OBJ_PREFIX_DWT1635_com_zimbra_date\" class=\"Object\"><span id=\"OBJ_PREFIX_DWT1644_com_zimbra_date\" class=\"Object\">quinta<\/span><\/span>, 6). At\u00e9 l\u00e1, interessados podem remeter sugest\u00f5es de aprimoramento por meio de formul\u00e1rio dispon\u00edvel no site do Banco.<\/span><\/p>\n<p><span style=\"font-family: Arial;font-size: medium\">Atualmente, a vers\u00e3o atualizada da plataforma de transpar\u00eancia do BNDES apresenta as estat\u00edsticas operacionais do Banco consolidadas em um \u00fanico painel (antes eram quatro), que permite ao usu\u00e1rio visualizar de modo integrado consultas, enquadramentos, aprova\u00e7\u00f5es e desembolsos do Banco, possibilitando recortes por regi\u00e3o geogr\u00e1fica, setor econ\u00f4mico e modalidade da opera\u00e7\u00e3o (direta ou indireta).<\/span><br \/>\n<span style=\"font-family: Arial;font-size: medium\">Dados sobre porte dos clientes, instrumento financeiro, grau de inova\u00e7\u00e3o e status operacional (se o financiamento est\u00e1 ativo ou liquidado) tamb\u00e9m foram adicionados \u00e0 plataforma de transpar\u00eancia. Por fim, a inclus\u00e3o de novos filtros de pesquisas \u2014 munic\u00edpio, natureza do cliente (p\u00fablico ou privado), situa\u00e7\u00e3o do contrato, etc \u2014 torna eficiente a busca pelas informa\u00e7\u00f5es desejadas. <\/span><\/p>\n","protected":false},"excerpt":{"rendered":"<p>Contribui\u00e7\u00f5es e sugest\u00f5es da sociedade poder\u00e3o ser enviadas at\u00e9 16 de setembro, por meio formul\u00e1rio dispon\u00edvel em www.bndes.gov.br\/transparencia. Iniciativa, em parceria com o TCU, foi lan\u00e7ada no \u00faltimo dia 21 de agosto, quando o Banco abriu ao p\u00fablico sua nova plataforma de transpar\u00eancia O Banco Nacional de Desenvolvimento Econ\u00f4mico e Social (BNDES) estendeu por mais dez dias o prazo para [&hellip;]<\/p>\n","protected":false},"author":27,"featured_media":0,"comment_status":"open","ping_status":"closed","sticky":false,"template":"","format":"standard","meta":{"footnotes":""},"categories":[2719],"tags":[4239,2739,12698,2488,10948,3864,1174,3815,2664,635,168],"class_list":["post-10302","post","type-post","status-publish","format-standard","hentry","category-servidor","tag-aperfeicoamentos","tag-bndes","tag-consulta-publica","tag-contribuicoes","tag-formulario","tag-plataforma","tag-prazo","tag-prorroga","tag-sugestoes","tag-tcu","tag-transparencia"],"_links":{"self":[{"href":"https:\/\/blogs.correiobraziliense.com.br\/servidor\/wp-json\/wp\/v2\/posts\/10302","targetHints":{"allow":["GET"]}}],"collection":[{"href":"https:\/\/blogs.correiobraziliense.com.br\/servidor\/wp-json\/wp\/v2\/posts"}],"about":[{"href":"https:\/\/blogs.correiobraziliense.com.br\/servidor\/wp-json\/wp\/v2\/types\/post"}],"author":[{"embeddable":true,"href":"https:\/\/blogs.correiobraziliense.com.br\/servidor\/wp-json\/wp\/v2\/users\/27"}],"replies":[{"embeddable":true,"href":"https:\/\/blogs.correiobraziliense.com.br\/servidor\/wp-json\/wp\/v2\/comments?post=10302"}],"version-history":[{"count":1,"href":"https:\/\/blogs.correiobraziliense.com.br\/servidor\/wp-json\/wp\/v2\/posts\/10302\/revisions"}],"predecessor-version":[{"id":10303,"href":"https:\/\/blogs.correiobraziliense.com.br\/servidor\/wp-json\/wp\/v2\/posts\/10302\/revisions\/10303"}],"wp:attachment":[{"href":"https:\/\/blogs.correiobraziliense.com.br\/servidor\/wp-json\/wp\/v2\/media?parent=10302"}],"wp:term":[{"taxonomy":"category","embeddable":true,"href":"https:\/\/blogs.correiobraziliense.com.br\/servidor\/wp-json\/wp\/v2\/categories?post=10302"},{"taxonomy":"post_tag","embeddable":true,"href":"https:\/\/blogs.correiobraziliense.com.br\/servidor\/wp-json\/wp\/v2\/tags?post=10302"}],"curies":[{"name":"wp","href":"https:\/\/api.w.org\/{rel}","templated":true}]}}