{"id":10300,"date":"2018-09-06T17:36:00","date_gmt":"2018-09-06T20:36:00","guid":{"rendered":"https:\/\/blogs.correiobraziliense.com.br\/servidor\/?p=10300"},"modified":"2018-09-06T17:36:00","modified_gmt":"2018-09-06T20:36:00","slug":"juizes-do-trabalho-se-capacitam-para-adequar-recursos-ao-orcamento","status":"publish","type":"post","link":"https:\/\/blogs.correiobraziliense.com.br\/servidor\/juizes-do-trabalho-se-capacitam-para-adequar-recursos-ao-orcamento\/","title":{"rendered":"Ju\u00edzes do Trabalho se capacitam para adequar recursos ao Or\u00e7amento"},"content":{"rendered":"<p><em>Evento reuniu dirigentes das 24 Amatras. Esse ano o curso tomou propor\u00e7\u00e3o porque os tribunais ter\u00e3o que se enquadrar ao teto dos gastos<br \/>\n<\/em><\/p>\n<p>A Associa\u00e7\u00e3o Nacional dos Magistrados da Justi\u00e7a do Trabalho (Anamatra), ao longo dessa quinta (6), ofereceu, pela quinta vez, o Curso sobre Or\u00e7amento P\u00fablico para os associados,\u00a0 em Bras\u00edlia. O presidente da entidade, Guilherme Feliciano, juntamente com o diretor de Assuntos Legislativos, Paulo Boal, fizeram a abertura da capacita\u00e7\u00e3o, que reuniu dirigentes das 24 Associa\u00e7\u00f5es dos Magistrados do Trabalho (Amatras) do pa\u00eds com foco na capacita\u00e7\u00e3o sobre o funcionamento or\u00e7ament\u00e1rio do Poder Judici\u00e1rio. Pela Anamatra, tamb\u00e9m esteve presente ao curso a vice-presidente, Noemia Porto.<\/p>\n<p>O objetivo \u00e9 divulgar conhecimento sobre a tramita\u00e7\u00e3o da pe\u00e7a or\u00e7ament\u00e1ria, tanto no Poder Legislativo, quanto no Poder Executivo, de onde sai o Projeto de Lei de Diretrizes Or\u00e7ament\u00e1rias (PLDO). Esse ano o curso tomou propor\u00e7\u00e3o porque os tribunais ter\u00e3o que se enquadrar ao teto dos gastos.\u00a0 \u201cO movimento associativo pleiteia uma participa\u00e7\u00e3o cada vez mais intensa e qualitativa na constru\u00e7\u00e3o dos or\u00e7amentos da Justi\u00e7a do Trabalho. E os ju\u00edzes j\u00e1 t\u00eam instrumentos para isto, como a participa\u00e7\u00e3o obrigat\u00f3ria de representantes nas comiss\u00f5es de or\u00e7amento dos tribunais, por for\u00e7a da pr\u00f3pria Resolu\u00e7\u00e3o n\u00ba 198 do Conselho Nacional de Justi\u00e7a\u201d, avalia Guilherme Feliciano, presidente da Anamatra.<\/p>\n<p>Para diretor de Assuntos Legislativos, Paulo Boal, a quinta edi\u00e7\u00e3o do evento foi pensada e formatada considerando o momento atual da Justi\u00e7a do Trabalho que, sufocada pelo &#8220;injusto corte&#8221; de gastos, em 2016, exigiu sacrif\u00edcios de todos os magistrados. \u201cA correta adequa\u00e7\u00e3o or\u00e7ament\u00e1ria para 2019 \u00e9 imprescind\u00edvel para que possamos manter o n\u00edvel de excel\u00eancia de nosso atendimento \u00e0 sociedade brasileira. Sob esta \u00f3tica, a Anamatra entendeu necess\u00e1ria a realiza\u00e7\u00e3o deste curso dirigido aos ju\u00edzes do Trabalho, notadamente aos dirigentes associativos, para que tenhamos uma vis\u00e3o geral sobre o or\u00e7amento federal e como somos afetados, direta e indiretamente, pela destina\u00e7\u00e3o de verbas da Uni\u00e3o.&#8221;<\/p>\n<p><strong>Palestrantes<\/strong><\/p>\n<p><strong>\u00a0<\/strong>No per\u00edodo da manh\u00e3, o subsecret\u00e1rio de Planejamento e Gest\u00e3o da SEAD\/Casa Civil, C\u00e9sar Lima, falou sobre \u201cOr\u00e7amento no Congresso Nacional, tramita\u00e7\u00e3o do PLDO e do PLOA e or\u00e7amento do Poder Judici\u00e1rio\u201d, \u201cIntrodu\u00e7\u00e3o ao processo legislativo or\u00e7ament\u00e1rio\u201d e \u201c Fundamentos legais e leis or\u00e7ament\u00e1rias\u201d.<\/p>\n<p>\u00c0 tarde, o\u201cOr\u00e7amento do TST e dos TRT\u2019s : aspectos gerais e pontos controvertidos\u201d foi o tema da palestra da secret\u00e1ria de Or\u00e7amento e Finan\u00e7as do Conselho Superior da Justi\u00e7a do Trabalho (CSJT), K\u00e1tia dos Santos Silva. \u00a0J\u00e1 o presidente do Col\u00e9gio de Presidentes e Corregedores dos Tribunais Regionais do Trabalho (Coleprecor), desembargador Wilson Fernandes, falou sobre \u201cDesafios or\u00e7ament\u00e1rios para a administra\u00e7\u00e3o dos TRTs\u201d.<\/p>\n","protected":false},"excerpt":{"rendered":"<p>Evento reuniu dirigentes das 24 Amatras. Esse ano o curso tomou propor\u00e7\u00e3o porque os tribunais ter\u00e3o que se enquadrar ao teto dos gastos A Associa\u00e7\u00e3o Nacional dos Magistrados da Justi\u00e7a do Trabalho (Anamatra), ao longo dessa quinta (6), ofereceu, pela quinta vez, o Curso sobre Or\u00e7amento P\u00fablico para os associados,\u00a0 em Bras\u00edlia. O presidente da entidade, Guilherme Feliciano, juntamente com [&hellip;]<\/p>\n","protected":false},"author":27,"featured_media":0,"comment_status":"open","ping_status":"closed","sticky":false,"template":"","format":"standard","meta":{"footnotes":""},"categories":[2719],"tags":[13321,1408,3866,693,9,1169,13320,10,318,1822,3466,1137,316,642,330,13322],"class_list":["post-10300","post","type-post","status-publish","format-standard","hentry","category-servidor","tag-amatra","tag-anamatra","tag-capacitacao","tag-congresso-nacional","tag-executivo","tag-gastos","tag-juizes-do-trabalho","tag-legislativo","tag-orcamento","tag-pldo","tag-ploa","tag-poder-judiciario","tag-recursos","tag-teto","tag-uniao","tag-veras"],"_links":{"self":[{"href":"https:\/\/blogs.correiobraziliense.com.br\/servidor\/wp-json\/wp\/v2\/posts\/10300","targetHints":{"allow":["GET"]}}],"collection":[{"href":"https:\/\/blogs.correiobraziliense.com.br\/servidor\/wp-json\/wp\/v2\/posts"}],"about":[{"href":"https:\/\/blogs.correiobraziliense.com.br\/servidor\/wp-json\/wp\/v2\/types\/post"}],"author":[{"embeddable":true,"href":"https:\/\/blogs.correiobraziliense.com.br\/servidor\/wp-json\/wp\/v2\/users\/27"}],"replies":[{"embeddable":true,"href":"https:\/\/blogs.correiobraziliense.com.br\/servidor\/wp-json\/wp\/v2\/comments?post=10300"}],"version-history":[{"count":1,"href":"https:\/\/blogs.correiobraziliense.com.br\/servidor\/wp-json\/wp\/v2\/posts\/10300\/revisions"}],"predecessor-version":[{"id":10301,"href":"https:\/\/blogs.correiobraziliense.com.br\/servidor\/wp-json\/wp\/v2\/posts\/10300\/revisions\/10301"}],"wp:attachment":[{"href":"https:\/\/blogs.correiobraziliense.com.br\/servidor\/wp-json\/wp\/v2\/media?parent=10300"}],"wp:term":[{"taxonomy":"category","embeddable":true,"href":"https:\/\/blogs.correiobraziliense.com.br\/servidor\/wp-json\/wp\/v2\/categories?post=10300"},{"taxonomy":"post_tag","embeddable":true,"href":"https:\/\/blogs.correiobraziliense.com.br\/servidor\/wp-json\/wp\/v2\/tags?post=10300"}],"curies":[{"name":"wp","href":"https:\/\/api.w.org\/{rel}","templated":true}]}}