{"id":10285,"date":"2018-09-05T18:59:40","date_gmt":"2018-09-05T21:59:40","guid":{"rendered":"https:\/\/blogs.correiobraziliense.com.br\/servidor\/?p=10285"},"modified":"2018-09-05T18:59:41","modified_gmt":"2018-09-05T21:59:41","slug":"ibope-suspende-pesquisa-e-deixa-mercado-em-posicao-defensiva","status":"publish","type":"post","link":"https:\/\/blogs.correiobraziliense.com.br\/servidor\/ibope-suspende-pesquisa-e-deixa-mercado-em-posicao-defensiva\/","title":{"rendered":"Ibope suspende pesquisa e deixa mercado em posi\u00e7\u00e3o defensiva"},"content":{"rendered":"<p><em>Em um cen\u00e1rio eleitoral indefinido, o mercado aguardava a pesquisa do Ibope desde semana passada e sua suspens\u00e3o foi uma surpresa un\u00e2nime para os investidores<\/em><\/p>\n<p>A suspens\u00e3o da pesquisa da divulga\u00e7\u00e3o de inten\u00e7\u00e3o de voto por parte do Ibope deixou o mercado arisco, disse o diretor de C\u00e2mbio da FB Capital, Fernando Bergallo. O instituto aguarda autoriza\u00e7\u00e3o do Supremo Tribunal Federal (STF) para apresentar os resultados. Com isso, o mercado se encontrou introvertido, ansioso e tomando posi\u00e7\u00f5es consideradas defensivas, analisou.<\/p>\n<p>Em um cen\u00e1rio eleitoral indefinido o mercado aguardava a pesquisa do Ibope desde semana passada e sua suspens\u00e3o foi uma surpresa un\u00e2nime para os investidores. Junto disso o Datafolha comunicou que n\u00e3o deixaria somente suspenso, como tamb\u00e9m cancelaria o \u00faltimo levantamento, que seria realizado 4 e 6 de setembro. Os institutos optaram pelo cancelamento por quest\u00f5es de incerteza com a candidatura do ex-presidente Lula. O que resulta tamb\u00e9m em inseguran\u00e7as no mercado financeiro, destacou.<\/p>\n<p>O d\u00f3lar opera praticamente est\u00e1vel, a moeda teve uma alta de 0,04% e ao mesmo tempo o Ibovespa recuava 0,33%, ou seja, ficando em 74.468 pontos. Para Fernando Bergallo, hoje existe um cen\u00e1rio de alta da moeda americana em linha com os mercados internacionais, diante da cautela dos investidores com a cena eleitoral, ou seja, seguem atentos.<\/p>\n<p>\u201cReferindo-se a fronte externa, ainda existe muita expectativa sobre o andamento das discuss\u00f5es em rela\u00e7\u00e3o ao com\u00e9rcio global, como Estados Unidos e China. A preocupa\u00e7\u00e3o paira tamb\u00e9m sob os emergentes, em especial com a Argentina\u201d, ressaltou o diretor de C\u00e2mbio.<\/p>\n","protected":false},"excerpt":{"rendered":"<p>Em um cen\u00e1rio eleitoral indefinido, o mercado aguardava a pesquisa do Ibope desde semana passada e sua suspens\u00e3o foi uma surpresa un\u00e2nime para os investidores A suspens\u00e3o da pesquisa da divulga\u00e7\u00e3o de inten\u00e7\u00e3o de voto por parte do Ibope deixou o mercado arisco, disse o diretor de C\u00e2mbio da FB Capital, Fernando Bergallo. O instituto aguarda autoriza\u00e7\u00e3o do Supremo Tribunal [&hellip;]<\/p>\n","protected":false},"author":27,"featured_media":0,"comment_status":"open","ping_status":"closed","sticky":false,"template":"","format":"standard","meta":{"footnotes":""},"categories":[2719],"tags":[1426,4901,13311,9037,373,3338,6841,6310,2699,10220,9139,6396,1619,489,1609,187,34,2184,698,7117],"class_list":["post-10285","post","type-post","status-publish","format-standard","hentry","category-servidor","tag-cenario","tag-comercio","tag-defensiva","tag-discussoes","tag-dolar","tag-eleitoral","tag-expectativa","tag-externa","tag-global","tag-ibope","tag-ibovespa","tag-intencao","tag-investidores","tag-mercado","tag-moeda","tag-pesquisa","tag-stf","tag-surpresa","tag-suspende","tag-voto"],"_links":{"self":[{"href":"https:\/\/blogs.correiobraziliense.com.br\/servidor\/wp-json\/wp\/v2\/posts\/10285","targetHints":{"allow":["GET"]}}],"collection":[{"href":"https:\/\/blogs.correiobraziliense.com.br\/servidor\/wp-json\/wp\/v2\/posts"}],"about":[{"href":"https:\/\/blogs.correiobraziliense.com.br\/servidor\/wp-json\/wp\/v2\/types\/post"}],"author":[{"embeddable":true,"href":"https:\/\/blogs.correiobraziliense.com.br\/servidor\/wp-json\/wp\/v2\/users\/27"}],"replies":[{"embeddable":true,"href":"https:\/\/blogs.correiobraziliense.com.br\/servidor\/wp-json\/wp\/v2\/comments?post=10285"}],"version-history":[{"count":1,"href":"https:\/\/blogs.correiobraziliense.com.br\/servidor\/wp-json\/wp\/v2\/posts\/10285\/revisions"}],"predecessor-version":[{"id":10286,"href":"https:\/\/blogs.correiobraziliense.com.br\/servidor\/wp-json\/wp\/v2\/posts\/10285\/revisions\/10286"}],"wp:attachment":[{"href":"https:\/\/blogs.correiobraziliense.com.br\/servidor\/wp-json\/wp\/v2\/media?parent=10285"}],"wp:term":[{"taxonomy":"category","embeddable":true,"href":"https:\/\/blogs.correiobraziliense.com.br\/servidor\/wp-json\/wp\/v2\/categories?post=10285"},{"taxonomy":"post_tag","embeddable":true,"href":"https:\/\/blogs.correiobraziliense.com.br\/servidor\/wp-json\/wp\/v2\/tags?post=10285"}],"curies":[{"name":"wp","href":"https:\/\/api.w.org\/{rel}","templated":true}]}}