{"id":10275,"date":"2018-09-04T19:11:21","date_gmt":"2018-09-04T22:11:21","guid":{"rendered":"https:\/\/blogs.correiobraziliense.com.br\/servidor\/?p=10275"},"modified":"2018-09-04T19:11:21","modified_gmt":"2018-09-04T22:11:21","slug":"menos-r-22-bilhoes-na-saude-do-servidor","status":"publish","type":"post","link":"https:\/\/blogs.correiobraziliense.com.br\/servidor\/menos-r-22-bilhoes-na-saude-do-servidor\/","title":{"rendered":"Menos R$ 2,2 bilh\u00f5es na sa\u00fade do servidor"},"content":{"rendered":"<p><em>Os R$ 2,2 bilh\u00f5es abatidos do impacto previsto para o reajuste dos servidores federais (de R$ 6,9 bilh\u00f5es para R$ 4,7 bilh\u00f5es), no Or\u00e7amento de 2019, sa\u00edram da sa\u00fade do funcionalismo<\/em><\/p>\n<p>A fonte da economia, n\u00e3o revelada pelos ministros da Fazenda e do Planejamento, foi a desist\u00eancia do governo de dar aumento de 50% na contrapartida da Uni\u00e3o (de R$ 130 mensais, em m\u00e9dia) aos planos de sa\u00fade. \u201cHoje, os servidores pagam mais de 85% do valor das contribui\u00e7\u00f5es. Em nossos c\u00e1lculos, a atualiza\u00e7\u00e3o dos valores, que n\u00e3o s\u00e3o reajustados desde 2016, ficaria em torno de R$ 2 bilh\u00f5es\u201d, contou S\u00e9rgio Ronaldo da Silva, secret\u00e1rio-geral da Confedera\u00e7\u00e3o Nacional dos Trabalhadores no Servi\u00e7o P\u00fablico Federal (Condsef).<\/p>\n<p>Para a Uni\u00e3o Nacional das Institui\u00e7\u00f5es de Autogest\u00e3o em Sa\u00fade (Unidas), representante do segmento no Brasil, o recuo do governo tem s\u00e9rios impactos no setor. A tend\u00eancia \u00e9 de que cada vez mais pessoas n\u00e3o consigam bancar as mensalidades. \u201cAlguns planos que t\u00eam o governo federal como patrocinar chegam a perder 4 mil pessoas por m\u00eas. Nas autogest\u00f5es ainda h\u00e1 um agravante. Os planos s\u00e3o sem fins lucrativos e n\u00e3o podem ser vendidos. Ent\u00e3o dificilmente se rep\u00f5e essa perda de benefici\u00e1rios\u201d, informou a Unidas.<\/p>\n","protected":false},"excerpt":{"rendered":"<p>Os R$ 2,2 bilh\u00f5es abatidos do impacto previsto para o reajuste dos servidores federais (de R$ 6,9 bilh\u00f5es para R$ 4,7 bilh\u00f5es), no Or\u00e7amento de 2019, sa\u00edram da sa\u00fade do funcionalismo A fonte da economia, n\u00e3o revelada pelos ministros da Fazenda e do Planejamento, foi a desist\u00eancia do governo de dar aumento de 50% na contrapartida da Uni\u00e3o (de R$ [&hellip;]<\/p>\n","protected":false},"author":27,"featured_media":0,"comment_status":"open","ping_status":"closed","sticky":false,"template":"","format":"standard","meta":{"footnotes":""},"categories":[2719],"tags":[960,3137,2488,88,302,1164,98,1057,13108,3,616,8,330],"class_list":["post-10275","post","type-post","status-publish","format-standard","hentry","category-servidor","tag-bilhoes","tag-contrapartida","tag-contribuicoes","tag-economia","tag-fazenda","tag-funcionalismo","tag-governo","tag-mensalidades","tag-orcamento-2019","tag-planejamento","tag-saude","tag-servidor","tag-uniao"],"_links":{"self":[{"href":"https:\/\/blogs.correiobraziliense.com.br\/servidor\/wp-json\/wp\/v2\/posts\/10275","targetHints":{"allow":["GET"]}}],"collection":[{"href":"https:\/\/blogs.correiobraziliense.com.br\/servidor\/wp-json\/wp\/v2\/posts"}],"about":[{"href":"https:\/\/blogs.correiobraziliense.com.br\/servidor\/wp-json\/wp\/v2\/types\/post"}],"author":[{"embeddable":true,"href":"https:\/\/blogs.correiobraziliense.com.br\/servidor\/wp-json\/wp\/v2\/users\/27"}],"replies":[{"embeddable":true,"href":"https:\/\/blogs.correiobraziliense.com.br\/servidor\/wp-json\/wp\/v2\/comments?post=10275"}],"version-history":[{"count":1,"href":"https:\/\/blogs.correiobraziliense.com.br\/servidor\/wp-json\/wp\/v2\/posts\/10275\/revisions"}],"predecessor-version":[{"id":10276,"href":"https:\/\/blogs.correiobraziliense.com.br\/servidor\/wp-json\/wp\/v2\/posts\/10275\/revisions\/10276"}],"wp:attachment":[{"href":"https:\/\/blogs.correiobraziliense.com.br\/servidor\/wp-json\/wp\/v2\/media?parent=10275"}],"wp:term":[{"taxonomy":"category","embeddable":true,"href":"https:\/\/blogs.correiobraziliense.com.br\/servidor\/wp-json\/wp\/v2\/categories?post=10275"},{"taxonomy":"post_tag","embeddable":true,"href":"https:\/\/blogs.correiobraziliense.com.br\/servidor\/wp-json\/wp\/v2\/tags?post=10275"}],"curies":[{"name":"wp","href":"https:\/\/api.w.org\/{rel}","templated":true}]}}