{"id":10267,"date":"2018-09-04T12:01:17","date_gmt":"2018-09-04T15:01:17","guid":{"rendered":"https:\/\/blogs.correiobraziliense.com.br\/servidor\/?p=10267"},"modified":"2018-09-04T12:01:17","modified_gmt":"2018-09-04T15:01:17","slug":"fgv-social-divulga-dados-ineditos-sobre-o-aumento-da-pobreza-e-da-desigualdade-nos-ultimos-quatro-anos","status":"publish","type":"post","link":"https:\/\/blogs.correiobraziliense.com.br\/servidor\/fgv-social-divulga-dados-ineditos-sobre-o-aumento-da-pobreza-e-da-desigualdade-nos-ultimos-quatro-anos\/","title":{"rendered":"FGV Social divulga dados in\u00e9ditos sobre o aumento da pobreza e da desigualdade nos \u00faltimos quatro anos"},"content":{"rendered":"<p style=\"text-align: left\" align=\"center\"><em>A face humana do PIB com dados at\u00e9 junho de 2018. Levantamento sobre quem perdeu mais durante a recess\u00e3o e depois dela e qual foi o impacto da crise sobre a pobreza e a distribui\u00e7\u00e3o de renda. &#8220;H<\/em><span id=\"OBJ_PREFIX_DWT806_com_zimbra_date\" class=\"Object\"><span id=\"OBJ_PREFIX_DWT813_com_zimbra_date\" class=\"Object\">oje<\/span><\/span>, temos <strong>23,3 milh\u00f5es<\/strong> de pessoas \u2014 <strong>mais do que a popula\u00e7\u00e3o do Chile<\/strong> \u2014 vivendo abaixo da linha de pobreza de R$ 232 por m\u00eas; cerca de <strong>11,2% da nossa popula\u00e7\u00e3o<\/strong>. A mis\u00e9ria <strong>subiu 33%<\/strong> nos \u00faltimos 4 anos. Foram <strong>6,3 milh\u00f5es de novos pobres&#8221;, contou o <\/strong>pesquisador Marcelo Neri, da FGV Social<\/p>\n<p>O FGV Social lan\u00e7a <span id=\"OBJ_PREFIX_DWT807_com_zimbra_date\" class=\"Object\"><span id=\"OBJ_PREFIX_DWT814_com_zimbra_date\" class=\"Object\">hoje<\/span><\/span> (31\/08) dados in\u00e9ditos com as inflex\u00f5es da pobreza a partir da PNAD Cont\u00ednua. O FGV Social ir\u00e1 mostrar <strong>a evolu\u00e7\u00e3o da pobreza desde antes do plano real at\u00e9 o fim do governo atual<\/strong>. A desigualdade <strong>aumentou nos \u00faltimos anos<\/strong>? <strong>Perdemos os ganhos sociais<\/strong> da \u00faltima d\u00e9cada? Por que <strong>a vida do brasileiro piorou<\/strong>? Observando os diferentes grupos (sexo, ra\u00e7a, idade, escolaridade, posi\u00e7\u00e3o na fam\u00edlia, regi\u00e3o, etc) <strong>quem perdeu mais com a crise<\/strong>?<\/p>\n<p>O FGV Social possui uma longa tradi\u00e7\u00e3o em captar as inflex\u00f5es das s\u00e9ries sociais brasileiras. Somos reconhecidos pela rapidez com que processamos os microdados p\u00fablicos. Fomos os primeiros a detectar a queda da pobreza desde o plano real e os primeiros a mostrar que no primeiro ano do governo Lula a pobreza cresceu bastante; sendo seguida depois de v\u00e1rias quedas consecutivas. Mostramos tamb\u00e9m que o Brasil atingiu com anteced\u00eancia as meta de redu\u00e7\u00e3o de pobreza das &#8220;Metas do Mil\u00eanio&#8221;.<\/p>\n<p><strong>SUM\u00c1RIO EXECUTIVO E SLIDES DO LEVANTAMENTO NO SITE <\/strong><span id=\"OBJ_PREFIX_DWT808_com_zimbra_url\" class=\"Object\"><span id=\"OBJ_PREFIX_DWT815_com_zimbra_url\" class=\"Object\"><a href=\"https:\/\/nsa.im-imcgrupo.com\/link.php?code=bDpodHRwJTNBJTJGJTJGY3BzLmZndi5iciUyRlBvYnJlemEtRGVzaWd1YWxkYWRlOjIzNjgxODg0OTA6dmVyYWJhdGlzdGEuZGZAZGFici5jb20uYnI6ZjY5ZTk3\" target=\"_blank\">http:\/\/cps.fgv.br\/Pobreza-Desigualdade<\/a><\/span><\/span><\/p>\n<p><img decoding=\"async\" src=\"https:\/\/nsa.im-imcgrupo.com\/img.php?code=aTpodHRwJTNBJTJGJTJGXy00LV8lMkZpJTJGamFuYWluYS5zYWxsZXMlNDBpbnNpZ2h0bmV0LmNvbS5iciUyRkZHVl9Tb2NpYWxfdGFiZWxhMTgwODMxXzE0NTgzNC5qcGc6MjM2ODE4ODQ5MDp2ZXJhYmF0aXN0YS5kZkBkYWJyLmNvbS5icjo3NWI1ZjQ=\" alt=\"\" \/><\/p>\n<p><strong>SERVI\u00c7O<\/strong><\/p>\n<p><strong>LAN\u00c7AMENTO DOS DADOS IN\u00c9DITOS SOBRE O AUMENTO DA POBREZA E DA DESIGUALDADE<\/strong><\/p>\n<p>Site: <span id=\"OBJ_PREFIX_DWT809_com_zimbra_url\" class=\"Object\"><span id=\"OBJ_PREFIX_DWT816_com_zimbra_url\" class=\"Object\"><a href=\"https:\/\/nsa.im-imcgrupo.com\/link.php?code=bDpodHRwJTNBJTJGJTJGY3BzLmZndi5iciUyRlBvYnJlemEtRGVzaWd1YWxkYWRlOjIzNjgxODg0OTA6dmVyYWJhdGlzdGEuZGZAZGFici5jb20uYnI6ZjY5ZTk3\" target=\"_blank\">http:\/\/cps.fgv.br\/Pobreza-Desigualdade<\/a><\/span><\/span><\/p>\n<p><em>\u00a0<\/em><\/p>\n<p>&nbsp;<\/p>\n","protected":false},"excerpt":{"rendered":"<p>A face humana do PIB com dados at\u00e9 junho de 2018. Levantamento sobre quem perdeu mais durante a recess\u00e3o e depois dela e qual foi o impacto da crise sobre a pobreza e a distribui\u00e7\u00e3o de renda. &#8220;Hoje, temos 23,3 milh\u00f5es de pessoas \u2014 mais do que a popula\u00e7\u00e3o do Chile \u2014 vivendo abaixo da linha de pobreza de R$ [&hellip;]<\/p>\n","protected":false},"author":27,"featured_media":0,"comment_status":"open","ping_status":"closed","sticky":false,"template":"","format":"standard","meta":{"footnotes":""},"categories":[2719],"tags":[75,366,167,6115,13302,13300,833,13301,1804,8629,2595],"class_list":["post-10267","post","type-post","status-publish","format-standard","hentry","category-servidor","tag-aumento","tag-crise","tag-dados","tag-desigualdade","tag-distribuicao-de-renda","tag-fgv-social","tag-impacto","tag-ineditos","tag-pib","tag-pobreza","tag-recessao"],"_links":{"self":[{"href":"https:\/\/blogs.correiobraziliense.com.br\/servidor\/wp-json\/wp\/v2\/posts\/10267","targetHints":{"allow":["GET"]}}],"collection":[{"href":"https:\/\/blogs.correiobraziliense.com.br\/servidor\/wp-json\/wp\/v2\/posts"}],"about":[{"href":"https:\/\/blogs.correiobraziliense.com.br\/servidor\/wp-json\/wp\/v2\/types\/post"}],"author":[{"embeddable":true,"href":"https:\/\/blogs.correiobraziliense.com.br\/servidor\/wp-json\/wp\/v2\/users\/27"}],"replies":[{"embeddable":true,"href":"https:\/\/blogs.correiobraziliense.com.br\/servidor\/wp-json\/wp\/v2\/comments?post=10267"}],"version-history":[{"count":1,"href":"https:\/\/blogs.correiobraziliense.com.br\/servidor\/wp-json\/wp\/v2\/posts\/10267\/revisions"}],"predecessor-version":[{"id":10268,"href":"https:\/\/blogs.correiobraziliense.com.br\/servidor\/wp-json\/wp\/v2\/posts\/10267\/revisions\/10268"}],"wp:attachment":[{"href":"https:\/\/blogs.correiobraziliense.com.br\/servidor\/wp-json\/wp\/v2\/media?parent=10267"}],"wp:term":[{"taxonomy":"category","embeddable":true,"href":"https:\/\/blogs.correiobraziliense.com.br\/servidor\/wp-json\/wp\/v2\/categories?post=10267"},{"taxonomy":"post_tag","embeddable":true,"href":"https:\/\/blogs.correiobraziliense.com.br\/servidor\/wp-json\/wp\/v2\/tags?post=10267"}],"curies":[{"name":"wp","href":"https:\/\/api.w.org\/{rel}","templated":true}]}}