{"id":10233,"date":"2018-08-29T19:03:20","date_gmt":"2018-08-29T22:03:20","guid":{"rendered":"https:\/\/blogs.correiobraziliense.com.br\/servidor\/?p=10233"},"modified":"2018-08-29T19:03:20","modified_gmt":"2018-08-29T22:03:20","slug":"provas-do-concurso-da-pf-mantidas-para-setembro","status":"publish","type":"post","link":"https:\/\/blogs.correiobraziliense.com.br\/servidor\/provas-do-concurso-da-pf-mantidas-para-setembro\/","title":{"rendered":"Provas do concurso da PF mantidas para setembro"},"content":{"rendered":"<p><em>O prazo foi confirmado pelo delegado Delano Bunn, diretor de Gest\u00e3o de Pessoal da Pol\u00edcia Federal<\/em><\/p>\n<p>Apesar do imbr\u00f3glio entre a Uni\u00e3o e o Minist\u00e9rio P\u00fablico pela reabertura das inscri\u00e7\u00f5es e inclus\u00e3o de vagas para deficientes f\u00edsicos, Delano Bunn garantiu que \u201co concurso nunca foi suspenso\u201d. \u201cAs provas ser\u00e3o agora em setembro. A previs\u00e3o de nomea\u00e7\u00e3o dos futuros policiais ser\u00e1 em setembro ou outubro do ano que vem, a depender da autoriza\u00e7\u00e3o do Minist\u00e9rio do Planejamento\u201d, refor\u00e7ou. De acordo com o edital, as provas objetivas e discursiva, com dura\u00e7\u00e3o de 5 horas, ser\u00e3o em 16 de setembro de 2018, \u00e0 tarde. Somente para o cargo de delegado, a prova objetiva, de 4 horas, ser\u00e1 16 de setembro, pela manh\u00e3. E a discursiva, tamb\u00e9m de 4 horas, na mesma data, \u00e0 tarde. Os sal\u00e1rios v\u00e3o de R$ 12,5 mil a R$ 18,6 mil, em 2019, para agentes, escriv\u00e3es e papiloscopistas (EPAs) e de R$ 23,5 mil a R$ 30,9 mil, para delegados.<\/p>\n<p><strong>Briga interna<\/strong><\/p>\n<p>O edital desse concurso, t\u00e3o logo publicado, abriu nova fase na tradicional briga entre os delegados e os demais cargos na PF, porque, segundo a Federa\u00e7\u00e3o Nacional dos Policiais Federais (Fenapef), estabeleceu uma hierarquia entre os cargos que n\u00e3o existe por lei, e desvalorizou os EPAs.  \u201cEstamos em um processo de di\u00e1logo permanente com todas as categorias, com o objetivo de construir um projeto de consenso. Algo dif\u00edcil, mas caminhamos para isso. N\u00e3o adianta nenhum tipo de solu\u00e7\u00e3o imposta, de maneira arbitr\u00e1ria, e sim um processo de constru\u00e7\u00e3o em que o foco principal seja o cidad\u00e3o, a sociedade, a efici\u00eancia e o bem-estar dos servidores da PF\u201d, disse Bunn.<\/p>\n<p>Em tom conciliador, o diretor de Gest\u00e3o de Pessoal apontou que tem muitos aspectos positivos no projeto da atual gest\u00e3o. \u201cMuito ligado ao conte\u00fado program\u00e1tico do edital do concurso, cada vez mais dif\u00edcil. O n\u00famero de inscritos chegou a 150 mil para 500 vagas. \u00c9 um concurso muito concorrido. De modo que nossa dificuldade, depois de lan\u00e7ado o edital, em fazer qualquer modifica\u00e7\u00e3o, \u00e9 porque corremos o risco de atrasar mais a marcha de andamento. E hoje temos muitos policiais na fronteira que precisam ser removidos. Est\u00e3o l\u00e1 h\u00e1 muitos anos e j\u00e1 pagaram, como dizemos no linguajar interno da Pol\u00edcia Federal, seu ped\u00e1gio na fronteira\u201d.<\/p>\n","protected":false},"excerpt":{"rendered":"<p>O prazo foi confirmado pelo delegado Delano Bunn, diretor de Gest\u00e3o de Pessoal da Pol\u00edcia Federal Apesar do imbr\u00f3glio entre a Uni\u00e3o e o Minist\u00e9rio P\u00fablico pela reabertura das inscri\u00e7\u00f5es e inclus\u00e3o de vagas para deficientes f\u00edsicos, Delano Bunn garantiu que \u201co concurso nunca foi suspenso\u201d. \u201cAs provas ser\u00e3o agora em setembro. A previs\u00e3o de nomea\u00e7\u00e3o dos futuros policiais ser\u00e1 [&hellip;]<\/p>\n","protected":false},"author":27,"featured_media":0,"comment_status":"open","ping_status":"closed","sticky":false,"template":"","format":"standard","meta":{"footnotes":""},"categories":[2719],"tags":[1502,2353,93,13282,13284,92,781,821,7066,141,417,307,13283,319,1174,728,6386,330,703],"class_list":["post-10233","post","type-post","status-publish","format-standard","hentry","category-servidor","tag-briga","tag-concorrido","tag-concurso","tag-confirmado","tag-discursivas","tag-edital","tag-inscricoes","tag-inscritos","tag-mantidas","tag-ministerio-do-planejamento","tag-ministerio-publico","tag-nomeacao","tag-objetivas","tag-pf","tag-prazo","tag-provas","tag-setembro","tag-uniao","tag-vagas"],"_links":{"self":[{"href":"https:\/\/blogs.correiobraziliense.com.br\/servidor\/wp-json\/wp\/v2\/posts\/10233","targetHints":{"allow":["GET"]}}],"collection":[{"href":"https:\/\/blogs.correiobraziliense.com.br\/servidor\/wp-json\/wp\/v2\/posts"}],"about":[{"href":"https:\/\/blogs.correiobraziliense.com.br\/servidor\/wp-json\/wp\/v2\/types\/post"}],"author":[{"embeddable":true,"href":"https:\/\/blogs.correiobraziliense.com.br\/servidor\/wp-json\/wp\/v2\/users\/27"}],"replies":[{"embeddable":true,"href":"https:\/\/blogs.correiobraziliense.com.br\/servidor\/wp-json\/wp\/v2\/comments?post=10233"}],"version-history":[{"count":1,"href":"https:\/\/blogs.correiobraziliense.com.br\/servidor\/wp-json\/wp\/v2\/posts\/10233\/revisions"}],"predecessor-version":[{"id":10234,"href":"https:\/\/blogs.correiobraziliense.com.br\/servidor\/wp-json\/wp\/v2\/posts\/10233\/revisions\/10234"}],"wp:attachment":[{"href":"https:\/\/blogs.correiobraziliense.com.br\/servidor\/wp-json\/wp\/v2\/media?parent=10233"}],"wp:term":[{"taxonomy":"category","embeddable":true,"href":"https:\/\/blogs.correiobraziliense.com.br\/servidor\/wp-json\/wp\/v2\/categories?post=10233"},{"taxonomy":"post_tag","embeddable":true,"href":"https:\/\/blogs.correiobraziliense.com.br\/servidor\/wp-json\/wp\/v2\/tags?post=10233"}],"curies":[{"name":"wp","href":"https:\/\/api.w.org\/{rel}","templated":true}]}}