{"id":1023,"date":"2016-02-17T19:03:16","date_gmt":"2016-02-17T21:03:16","guid":{"rendered":"https:\/\/blogs.correiobraziliense.com.br\/servidor\/?p=1023"},"modified":"2016-02-17T19:03:16","modified_gmt":"2016-02-17T21:03:16","slug":"mpt-e-cgu-assinam-acordo-para-ampliar-fiscalizacao-no-setor-pesqueiro","status":"publish","type":"post","link":"https:\/\/blogs.correiobraziliense.com.br\/servidor\/mpt-e-cgu-assinam-acordo-para-ampliar-fiscalizacao-no-setor-pesqueiro\/","title":{"rendered":"MPT E CGU ASSINAM ACORDO PARA AMPLIAR FISCALIZA\u00c7\u00c3O NO SETOR PESQUEIRO"},"content":{"rendered":"<p><em>A vig\u00eancia do acordo \u00e9 de 24 meses e poder\u00e1 ser prorrogado por meio de termo aditivo.<\/em><\/p>\n<p>&nbsp;<\/p>\n<p>Um acordo de coopera\u00e7\u00e3o t\u00e9cnica firmado entre o Minist\u00e9rio P\u00fablico do Trabalho (MPT) e a Controladoria-Geral da Uni\u00e3o (CGU) ir\u00e1 intensificar o combate a fraudes na concess\u00e3o de seguro defeso aos pescadores artesanais. O documento, assinado hoje (17), tamb\u00e9m prev\u00ea o interc\u00e2mbio de a\u00e7\u00f5es e para o aperfei\u00e7oamento de pol\u00edticas p\u00fablicas no setor pesqueiro.<\/p>\n<p>&nbsp;<\/p>\n<p>O procurador-geral do Trabalho, Ronaldo Curado Fleury, ressaltou a import\u00e2ncia da parceria lembrando de sua atua\u00e7\u00e3o \u00e0 frente da Coordenadoria Nacional de Trabalho Portu\u00e1rio e Aquavi\u00e1rio (Conatpa), quando uma fiscaliza\u00e7\u00e3o no Cear\u00e1 resultou na redu\u00e7\u00e3o significativa na concess\u00e3o ilegal do benef\u00edcio. \u201cN\u00f3s j\u00e1 estivemos em embarca\u00e7\u00e3o onde a tripula\u00e7\u00e3o oficial era de quatro pescadores. Em um ano, foram registrados 65 trabalhadores desse mesmo barco como benefici\u00e1rios. \u00c9 importante aumento o espectro desse trabalho para que consigamos evitar que isso aconte\u00e7a\u201d, afirmou.<\/p>\n<p>&nbsp;<\/p>\n<p>Segundo o ministro-chefe da CGU, Carlos Higino Ribeiro de Alencar, o objetivo \u00e9 aperfei\u00e7oar pol\u00edticas p\u00fablicas voltadas ao setor pesqueiro para que os recursos p\u00fablicos cheguem \u00e0 popula\u00e7\u00e3o e sejam aplicados devidamente.<\/p>\n<p>&nbsp;<\/p>\n<p>O acordo de coopera\u00e7\u00e3o t\u00e9cnica prev\u00ea a fiscaliza\u00e7\u00e3o preventiva e corretiva na concess\u00e3o do benef\u00edcio por meio da exig\u00eancia de declara\u00e7\u00f5es firmadas pelos pr\u00f3prios interessados. Caso seja necess\u00e1rio, ser\u00e3o instaurados inqu\u00e9ritos civis para apura\u00e7\u00e3o dos casos. Al\u00e9m disso, o documento determina a responsabiliza\u00e7\u00e3o administrativa, civil, trabalhista e penal dos agentes envolvidos nas irregularidades.<\/p>\n<p>&nbsp;<\/p>\n","protected":false},"excerpt":{"rendered":"<p>A vig\u00eancia do acordo \u00e9 de 24 meses e poder\u00e1 ser prorrogado por meio de termo aditivo. &nbsp; Um acordo de coopera\u00e7\u00e3o t\u00e9cnica firmado entre o Minist\u00e9rio P\u00fablico do Trabalho (MPT) e a Controladoria-Geral da Uni\u00e3o (CGU) ir\u00e1 intensificar o combate a fraudes na concess\u00e3o de seguro defeso aos pescadores artesanais. O documento, assinado hoje (17), tamb\u00e9m prev\u00ea o interc\u00e2mbio [&hellip;]<\/p>\n","protected":false},"author":27,"featured_media":0,"comment_status":"open","ping_status":"closed","sticky":false,"template":"","format":"standard","meta":{"footnotes":""},"categories":[1],"tags":[],"class_list":["post-1023","post","type-post","status-publish","format-standard","hentry","category-sem-categoria"],"_links":{"self":[{"href":"https:\/\/blogs.correiobraziliense.com.br\/servidor\/wp-json\/wp\/v2\/posts\/1023","targetHints":{"allow":["GET"]}}],"collection":[{"href":"https:\/\/blogs.correiobraziliense.com.br\/servidor\/wp-json\/wp\/v2\/posts"}],"about":[{"href":"https:\/\/blogs.correiobraziliense.com.br\/servidor\/wp-json\/wp\/v2\/types\/post"}],"author":[{"embeddable":true,"href":"https:\/\/blogs.correiobraziliense.com.br\/servidor\/wp-json\/wp\/v2\/users\/27"}],"replies":[{"embeddable":true,"href":"https:\/\/blogs.correiobraziliense.com.br\/servidor\/wp-json\/wp\/v2\/comments?post=1023"}],"version-history":[{"count":1,"href":"https:\/\/blogs.correiobraziliense.com.br\/servidor\/wp-json\/wp\/v2\/posts\/1023\/revisions"}],"predecessor-version":[{"id":1024,"href":"https:\/\/blogs.correiobraziliense.com.br\/servidor\/wp-json\/wp\/v2\/posts\/1023\/revisions\/1024"}],"wp:attachment":[{"href":"https:\/\/blogs.correiobraziliense.com.br\/servidor\/wp-json\/wp\/v2\/media?parent=1023"}],"wp:term":[{"taxonomy":"category","embeddable":true,"href":"https:\/\/blogs.correiobraziliense.com.br\/servidor\/wp-json\/wp\/v2\/categories?post=1023"},{"taxonomy":"post_tag","embeddable":true,"href":"https:\/\/blogs.correiobraziliense.com.br\/servidor\/wp-json\/wp\/v2\/tags?post=1023"}],"curies":[{"name":"wp","href":"https:\/\/api.w.org\/{rel}","templated":true}]}}