{"id":10226,"date":"2018-08-29T17:38:22","date_gmt":"2018-08-29T20:38:22","guid":{"rendered":"https:\/\/blogs.correiobraziliense.com.br\/servidor\/?p=10226"},"modified":"2018-08-29T17:38:22","modified_gmt":"2018-08-29T20:38:22","slug":"prova-oral-para-concurso-de-juiz-do-trabalho-comeca-em-setembro-no-tst","status":"publish","type":"post","link":"https:\/\/blogs.correiobraziliense.com.br\/servidor\/prova-oral-para-concurso-de-juiz-do-trabalho-comeca-em-setembro-no-tst\/","title":{"rendered":"Prova oral para concurso de Juiz do Trabalho come\u00e7a em setembro no TST"},"content":{"rendered":"<p><em>O Conselho Superior da Justi\u00e7a do Trabalho (CSJT) vai iniciar em setembro a quarta etapa do I Concurso P\u00fablico Nacional Unificado para ingresso na carreira da Magistratura do Trabalho. As provas ser\u00e3o na sede do Tribunal Superior do Trabalho (TST), de 4 de setembro a 31 de outubro, em dois turnos: das 8h \u00e0s 13h e das 14h \u00e0s 18h. No total, 267 candidatos disputam as vagas de ju\u00edzes do trabalho de todo o Brasil<\/em><\/p>\n<p>Os concorrentes responder\u00e3o, em uma hora, quest\u00f5es de temas diversos como direito individual e coletivo do trabalho, psicologia judici\u00e1ria, filosofia do direito, direitos humanos sociais, entre outros. A Comiss\u00e3o Examinadora \u00e9 formada pelos ministros do Tribunal Superior do Trabalho (TST) Lelio Bentes Correa, Luiz Philippe Vieira de Mello Filho, Walmir Oliveira da Costa e Augusto C\u00e9sar Leite de Carvalho, e pelo representante da OAB, advogado Nelson Mannrich.<\/p>\n<p>Esse \u00e9 o primeiro concurso p\u00fablico a selecionar, de maneira nacional, novos magistrados da Justi\u00e7a do Trabalho. Depois de aprovados, eles ser\u00e3o distribu\u00eddos nas Varas do Trabalho espalhadas pelo pa\u00eds.<\/p>\n<p>Estudantes \u00a0e p\u00fablico externo interessados poder\u00e3o assistir \u00e0 prova oral. No entanto, n\u00e3o ser\u00e1 permitido entrada com telefones celulares, gravadores ou m\u00e1quinas fotogr\u00e1ficas. O p\u00fablico externo tamb\u00e9m n\u00e3o dever\u00e1 conversar, comentar \u00a0ou manifestar qualquer apre\u00e7o ou desapre\u00e7o pelo candidato durante a realiza\u00e7\u00e3o da prova.<\/p>\n","protected":false},"excerpt":{"rendered":"<p>O Conselho Superior da Justi\u00e7a do Trabalho (CSJT) vai iniciar em setembro a quarta etapa do I Concurso P\u00fablico Nacional Unificado para ingresso na carreira da Magistratura do Trabalho. As provas ser\u00e3o na sede do Tribunal Superior do Trabalho (TST), de 4 de setembro a 31 de outubro, em dois turnos: das 8h \u00e0s 13h e das 14h \u00e0s 18h. [&hellip;]<\/p>\n","protected":false},"author":27,"featured_media":0,"comment_status":"open","ping_status":"closed","sticky":false,"template":"","format":"standard","meta":{"footnotes":""},"categories":[2719],"tags":[188,93,3211,8275,160,13281,70,3072,3071,728,6386,503,3625,703,4347],"class_list":["post-10226","post","type-post","status-publish","format-standard","hentry","category-servidor","tag-carreira","tag-concurso","tag-csjt","tag-distribuidos","tag-ingresso","tag-juiz-do-trabalho","tag-nacional","tag-oral","tag-prova","tag-provas","tag-setembro","tag-tst","tag-unificado","tag-vagas","tag-varas"],"_links":{"self":[{"href":"https:\/\/blogs.correiobraziliense.com.br\/servidor\/wp-json\/wp\/v2\/posts\/10226","targetHints":{"allow":["GET"]}}],"collection":[{"href":"https:\/\/blogs.correiobraziliense.com.br\/servidor\/wp-json\/wp\/v2\/posts"}],"about":[{"href":"https:\/\/blogs.correiobraziliense.com.br\/servidor\/wp-json\/wp\/v2\/types\/post"}],"author":[{"embeddable":true,"href":"https:\/\/blogs.correiobraziliense.com.br\/servidor\/wp-json\/wp\/v2\/users\/27"}],"replies":[{"embeddable":true,"href":"https:\/\/blogs.correiobraziliense.com.br\/servidor\/wp-json\/wp\/v2\/comments?post=10226"}],"version-history":[{"count":1,"href":"https:\/\/blogs.correiobraziliense.com.br\/servidor\/wp-json\/wp\/v2\/posts\/10226\/revisions"}],"predecessor-version":[{"id":10227,"href":"https:\/\/blogs.correiobraziliense.com.br\/servidor\/wp-json\/wp\/v2\/posts\/10226\/revisions\/10227"}],"wp:attachment":[{"href":"https:\/\/blogs.correiobraziliense.com.br\/servidor\/wp-json\/wp\/v2\/media?parent=10226"}],"wp:term":[{"taxonomy":"category","embeddable":true,"href":"https:\/\/blogs.correiobraziliense.com.br\/servidor\/wp-json\/wp\/v2\/categories?post=10226"},{"taxonomy":"post_tag","embeddable":true,"href":"https:\/\/blogs.correiobraziliense.com.br\/servidor\/wp-json\/wp\/v2\/tags?post=10226"}],"curies":[{"name":"wp","href":"https:\/\/api.w.org\/{rel}","templated":true}]}}