{"id":10217,"date":"2018-08-28T20:49:13","date_gmt":"2018-08-28T23:49:13","guid":{"rendered":"https:\/\/blogs.correiobraziliense.com.br\/servidor\/?p=10217"},"modified":"2018-08-28T20:49:13","modified_gmt":"2018-08-28T23:49:13","slug":"servidores-reagem-ao-sinal-do-governo-de-adiar-reajustes-para-2020","status":"publish","type":"post","link":"https:\/\/blogs.correiobraziliense.com.br\/servidor\/servidores-reagem-ao-sinal-do-governo-de-adiar-reajustes-para-2020\/","title":{"rendered":"Servidores reagem ao sinal do governo de adiar reajustes para 2020"},"content":{"rendered":"<p><em>T\u00e3o logo foi divulgado uma nova tentativa do governo de enviar a pe\u00e7a or\u00e7ament\u00e1ria de 2019 ao Congresso, sem os aumentos acordados com o funcionalismo, de 2019 para 2020, as carreiras de Estado se reuniram para intensificar as estrat\u00e9gias contra a inten\u00e7\u00e3o da equipe econ\u00f4mica<\/em><\/p>\n<p>O assunto n\u00e3o \u00e9 novo. O funcionalismo j\u00e1 derrubou no Supremo Tribunal Federal (STF), no ano passado, a Medida Provis\u00f3ria (MP 805\/2017), com semelhante objetivo. No cen\u00e1rio de uma poss\u00edvel insist\u00eancia na suspens\u00e3o, os servidores federais far\u00e3o mais uma vez ampla campanha de m\u00eddia para denunciar o descumprimento das leis de reajuste, v\u00e3o atuar no Congresso para derrubar uma eventual Medida Provis\u00f3ria e apresentar nova A\u00e7\u00e3o Direta de Inconstitucionalidade (ADI), para fazer valer a jurisprud\u00eancia do STF, que assegura o pagamento de reajustes plurianuais.<\/p>\n<p>Em junho, em reuni\u00e3o entre o ministro do Planejamento, Esteves Colnago, e o F\u00f3rum Nacional das Carreiras T\u00edpicas de Estado (Fonacate), o ministro anunciou que tinha o objetivo de levar a proposta de suspens\u00e3o do aumentos salariais para a Casa Civil. A rea\u00e7\u00e3o das categorias associadas ao Fonacate foi imediata e o governo foi derrotado. &#8220;Ocorre que a pr\u00f3xima parcela de reajuste \u00e9 a \u00faltima (e uma das menores) que falta para o governo honrar o pactuado com os servidores em 2015 e em 2016. De forma que a maior parte da conta j\u00e1 foi paga, restando esse res\u00edduo que fica em torno de 1% da folha da Uni\u00e3o, ou seja, perto de R$ 3 bilh\u00f5es&#8221;, destacou Rudinei Maques, presidente do Fonacate.<\/p>\n<p>&#8220;Seguimos na luta para que o governo cumpra o compromisso firmado com os servidores, convertido em lei. Se n\u00e3o o fizer, o governo estar\u00e1 assumindo publicamente que n\u00e3o cumpre seus acordos, nem mesmo quando os converte em lei. Isso \u00e9 ruim para toda a sociedade, sobretudo para o mercado, que valoriza muito os acordos e a confian\u00e7a m\u00fatua&#8221;, destacou Marques. Fontes do Planalto, hoje, informaram que essa tentativa de Temer, \u00e0s v\u00e9spera de sua despedida do cargo, foi &#8220;apenas um bal\u00e3o de ensaio&#8221;.<\/p>\n<p>Temer, de acordo com a fonte, n\u00e3o vai querer se queimar sem necessidade, muito menos comprar nova briga com o Supremo, no momento em que negocia o aumento dos ministros &#8211; que \u00e9 o teto do funcionalismo &#8211; de R$ 33,7 mil, para R$ 39,3 mil mensais. &#8220;Seria dar murro em ponta de faca j\u00e1 que o Legislativo vai querer o mesmo e o pr\u00f3ximo presidente da Rep\u00fablica tamb\u00e9m n\u00e3o vai admitir ganhar menos que os chefes dos outros poderes&#8221;, argumentou a fonte.<\/p>\n","protected":false},"excerpt":{"rendered":"<p>T\u00e3o logo foi divulgado uma nova tentativa do governo de enviar a pe\u00e7a or\u00e7ament\u00e1ria de 2019 ao Congresso, sem os aumentos acordados com o funcionalismo, de 2019 para 2020, as carreiras de Estado se reuniram para intensificar as estrat\u00e9gias contra a inten\u00e7\u00e3o da equipe econ\u00f4mica O assunto n\u00e3o \u00e9 novo. O funcionalismo j\u00e1 derrubou no Supremo Tribunal Federal (STF), no [&hellip;]<\/p>\n","protected":false},"author":27,"featured_media":0,"comment_status":"open","ping_status":"closed","sticky":false,"template":"","format":"standard","meta":{"footnotes":""},"categories":[2719],"tags":[5516,3440,305,55,100,367,3171,82,98,3717,5032,9537,318,151,13278,690,58,34],"class_list":["post-10217","post","type-post","status-publish","format-standard","hentry","category-servidor","tag-adi","tag-adiar","tag-campanha","tag-carreiras","tag-congresso","tag-economica","tag-equipe","tag-fonacate","tag-governo","tag-jurisprudencia","tag-leis","tag-mp-8052017","tag-orcamento","tag-pagamento","tag-plurianuais","tag-reajustes","tag-servidores","tag-stf"],"_links":{"self":[{"href":"https:\/\/blogs.correiobraziliense.com.br\/servidor\/wp-json\/wp\/v2\/posts\/10217","targetHints":{"allow":["GET"]}}],"collection":[{"href":"https:\/\/blogs.correiobraziliense.com.br\/servidor\/wp-json\/wp\/v2\/posts"}],"about":[{"href":"https:\/\/blogs.correiobraziliense.com.br\/servidor\/wp-json\/wp\/v2\/types\/post"}],"author":[{"embeddable":true,"href":"https:\/\/blogs.correiobraziliense.com.br\/servidor\/wp-json\/wp\/v2\/users\/27"}],"replies":[{"embeddable":true,"href":"https:\/\/blogs.correiobraziliense.com.br\/servidor\/wp-json\/wp\/v2\/comments?post=10217"}],"version-history":[{"count":1,"href":"https:\/\/blogs.correiobraziliense.com.br\/servidor\/wp-json\/wp\/v2\/posts\/10217\/revisions"}],"predecessor-version":[{"id":10218,"href":"https:\/\/blogs.correiobraziliense.com.br\/servidor\/wp-json\/wp\/v2\/posts\/10217\/revisions\/10218"}],"wp:attachment":[{"href":"https:\/\/blogs.correiobraziliense.com.br\/servidor\/wp-json\/wp\/v2\/media?parent=10217"}],"wp:term":[{"taxonomy":"category","embeddable":true,"href":"https:\/\/blogs.correiobraziliense.com.br\/servidor\/wp-json\/wp\/v2\/categories?post=10217"},{"taxonomy":"post_tag","embeddable":true,"href":"https:\/\/blogs.correiobraziliense.com.br\/servidor\/wp-json\/wp\/v2\/tags?post=10217"}],"curies":[{"name":"wp","href":"https:\/\/api.w.org\/{rel}","templated":true}]}}