{"id":10210,"date":"2018-08-28T19:17:52","date_gmt":"2018-08-28T22:17:52","guid":{"rendered":"https:\/\/blogs.correiobraziliense.com.br\/servidor\/?p=10210"},"modified":"2018-08-28T19:17:52","modified_gmt":"2018-08-28T22:17:52","slug":"homologadas-diretrizes-que-permitem-inclusao-de-trabalho-voluntario-em-curriculos-academicos","status":"publish","type":"post","link":"https:\/\/blogs.correiobraziliense.com.br\/servidor\/homologadas-diretrizes-que-permitem-inclusao-de-trabalho-voluntario-em-curriculos-academicos\/","title":{"rendered":"Homologadas diretrizes que permitem inclus\u00e3o de trabalho volunt\u00e1rio em curr\u00edculos acad\u00eamicos"},"content":{"rendered":"<p>As diretrizes para que escolas e universidades possam, pela primeira vez, computar nos curr\u00edculos acad\u00eamicos as horas de trabalho volunt\u00e1rio dos alunos, e assim fomentar cada vez mais essa pr\u00e1tica, foram homologadas pelo presidente da Rep\u00fablica, Michel Temer, e pelo ministro da Educa\u00e7\u00e3o, Rossieli Soares, na manh\u00e3 desta <span id=\"OBJ_PREFIX_DWT953_com_zimbra_date\" class=\"Object\"><span id=\"OBJ_PREFIX_DWT965_com_zimbra_date\" class=\"Object\">ter<\/span><\/span>\u00e7a-feira, 28, em cerim\u00f4nia em comemora\u00e7\u00e3o ao Dia Nacional do Voluntariado, no Pal\u00e1cio do Planalto, em Bras\u00edlia.<\/p>\n<p>As atividades curriculares ligadas ao volunt\u00e1rio poder\u00e3o ser acrescentadas \u00e0 carga hor\u00e1ria m\u00ednima, por iniciativa da institui\u00e7\u00e3o de ensino, e ser contadas a mais, inclusive, no hist\u00f3rico escolar do aluno. Na Educa\u00e7\u00e3o B\u00e1sica, no entanto, a carga hor\u00e1ria do voluntariado dever\u00e1 ser realizada al\u00e9m da carga hor\u00e1ria m\u00ednima. De acordo com a resolu\u00e7\u00e3o homologada, as atividades volunt\u00e1rias, quando previstas em curr\u00edculos pedag\u00f3gicos, ser\u00e3o sempre consideradas atividades extraordin\u00e1rias, portanto, acess\u00f3rias, aditivas e complementares ao conte\u00fado curricular m\u00ednimo obrigat\u00f3rio exigido pela regula\u00e7\u00e3o espec\u00edfica.<\/p>\n<p>\u201cO que estamos trazendo \u00e9 a import\u00e2ncia de termos agora a possibilidade, de acordo com as pr\u00f3prias institui\u00e7\u00f5es educacionais da educa\u00e7\u00e3o b\u00e1sica e superior, de trazer o voluntariado para dentro dos seus curr\u00edculos, se desejado pela institui\u00e7\u00e3o e, logicamente, pelo pr\u00f3prio volunt\u00e1rio\u201d, explicou Rossieli Soares.<\/p>\n<p>O ministro enalteceu o trabalho realizado pelo Conselho Nacional de Educa\u00e7\u00e3o (CNE) na homologa\u00e7\u00e3o da resolu\u00e7\u00e3o e destacou a parceria do MEC com a Casa Civil para que a educa\u00e7\u00e3o tenha um envolvimento cada vez maior no voluntariado. \u201cMais do que trazer os educandos brasileiros para o voluntariado, \u00e9 o que o voluntariado pode fazer pela educa\u00e7\u00e3o, pela transforma\u00e7\u00e3o da educa\u00e7\u00e3o do Brasil\u201d, explicou Rossieli Soares.<\/p>\n<p>Presente ao evento, o ministro-chefe da Casa Civil, Eliseu Padilha, destacou a import\u00e2ncia dessa resolu\u00e7\u00e3o para se reconhecer o voluntariado na forma\u00e7\u00e3o dos alunos brasileiros. \u201cEsta valoriza\u00e7\u00e3o se dar\u00e1, inclusive, dentro dos curr\u00edculos acad\u00eamicos, tendo como princ\u00edpios orientadores, o desenvolvimento integral dos educandos e a articula\u00e7\u00e3o com as comunidades locais e o entorno escolar\u201d, afirmou, lembrando que a resolu\u00e7\u00e3o busca tamb\u00e9m promover a utiliza\u00e7\u00e3o dos espa\u00e7os escolares e universit\u00e1rios para a\u00e7\u00f5es volunt\u00e1rias.<\/p>\n<p><strong>Programas<\/strong><\/p>\n<p>Rossieli Soares aproveitou a oportunidade para lembrar que programas como o Mais Alfabetiza\u00e7\u00e3o e o Novo Mais Educa\u00e7\u00e3o s\u00e3o baseados no voluntariado. \u201cIsso \u00e9 importante porque s\u00e3o os maiores programas de voluntariado do Brasil\u201d, refor\u00e7ou o ministro. \u201c<span id=\"OBJ_PREFIX_DWT954_com_zimbra_date\" class=\"Object\"><span id=\"OBJ_PREFIX_DWT966_com_zimbra_date\" class=\"Object\">Hoje<\/span><\/span> estamos com a possibilidade de trazer isso para dentro da educa\u00e7\u00e3o. \u00c9 dar um passo significativo de aproxima\u00e7\u00e3o das nossas escolas com as suas pr\u00f3prias comunidades. A riqueza que os jovens brasileiros poder\u00e3o ajudar nosso povo, todo o Brasil, mas tamb\u00e9m o que eles aprender\u00e3o com essa li\u00e7\u00e3o m\u00e1gica que \u00e9 ser volunt\u00e1rio\u201d, finalizou.<\/p>\n<p><strong>Plataforma Digital<\/strong><\/p>\n<p>Durante a cerim\u00f4nia foi lan\u00e7ada a plataforma Viva Volunt\u00e1rio. Ela funciona como uma rede social que re\u00fane projetos de voluntariado e permite que as pessoas possam criar perfis e se engajar em atividades de institui\u00e7\u00f5es e organiza\u00e7\u00f5es da sociedade civil. Visando o incentivo \u00e0 cria\u00e7\u00e3o de atividades volunt\u00e1rias, a plataforma promover\u00e1 tamb\u00e9m cursos para volunt\u00e1rios e organiza\u00e7\u00f5es.<\/p>\n<p>Ao fim da solenidade, o presidente da Rep\u00fablica, Michel Temer, enalteceu o trabalho voluntariado no Brasil. \u201cUsar a sua vontade para voluntariar-se e ajudar a sociedade \u00e9 uma das coisas mais grandiosas que cada cidad\u00e3o pode produzir\u201d, elogiou Michel Temer.<\/p>\n","protected":false},"excerpt":{"rendered":"<p>As diretrizes para que escolas e universidades possam, pela primeira vez, computar nos curr\u00edculos acad\u00eamicos as horas de trabalho volunt\u00e1rio dos alunos, e assim fomentar cada vez mais essa pr\u00e1tica, foram homologadas pelo presidente da Rep\u00fablica, Michel Temer, e pelo ministro da Educa\u00e7\u00e3o, Rossieli Soares, na manh\u00e3 desta ter\u00e7a-feira, 28, em cerim\u00f4nia em comemora\u00e7\u00e3o ao Dia Nacional do Voluntariado, no [&hellip;]<\/p>\n","protected":false},"author":27,"featured_media":0,"comment_status":"open","ping_status":"closed","sticky":false,"template":"","format":"standard","meta":{"footnotes":""},"categories":[2719],"tags":[3618,1442,13273,5182,4896,1296,311,13272,6277,1636,261,6012,1599],"class_list":["post-10210","post","type-post","status-publish","format-standard","hentry","category-servidor","tag-academicos","tag-alunos","tag-atividaes","tag-curriculos","tag-diretrizes","tag-ensino","tag-historico","tag-homologada","tag-inclusao","tag-programas","tag-trabalho","tag-universidades","tag-voluntario"],"_links":{"self":[{"href":"https:\/\/blogs.correiobraziliense.com.br\/servidor\/wp-json\/wp\/v2\/posts\/10210","targetHints":{"allow":["GET"]}}],"collection":[{"href":"https:\/\/blogs.correiobraziliense.com.br\/servidor\/wp-json\/wp\/v2\/posts"}],"about":[{"href":"https:\/\/blogs.correiobraziliense.com.br\/servidor\/wp-json\/wp\/v2\/types\/post"}],"author":[{"embeddable":true,"href":"https:\/\/blogs.correiobraziliense.com.br\/servidor\/wp-json\/wp\/v2\/users\/27"}],"replies":[{"embeddable":true,"href":"https:\/\/blogs.correiobraziliense.com.br\/servidor\/wp-json\/wp\/v2\/comments?post=10210"}],"version-history":[{"count":1,"href":"https:\/\/blogs.correiobraziliense.com.br\/servidor\/wp-json\/wp\/v2\/posts\/10210\/revisions"}],"predecessor-version":[{"id":10211,"href":"https:\/\/blogs.correiobraziliense.com.br\/servidor\/wp-json\/wp\/v2\/posts\/10210\/revisions\/10211"}],"wp:attachment":[{"href":"https:\/\/blogs.correiobraziliense.com.br\/servidor\/wp-json\/wp\/v2\/media?parent=10210"}],"wp:term":[{"taxonomy":"category","embeddable":true,"href":"https:\/\/blogs.correiobraziliense.com.br\/servidor\/wp-json\/wp\/v2\/categories?post=10210"},{"taxonomy":"post_tag","embeddable":true,"href":"https:\/\/blogs.correiobraziliense.com.br\/servidor\/wp-json\/wp\/v2\/tags?post=10210"}],"curies":[{"name":"wp","href":"https:\/\/api.w.org\/{rel}","templated":true}]}}