{"id":10196,"date":"2018-08-27T17:57:06","date_gmt":"2018-08-27T20:57:06","guid":{"rendered":"https:\/\/blogs.correiobraziliense.com.br\/servidor\/?p=10196"},"modified":"2018-08-27T17:57:06","modified_gmt":"2018-08-27T20:57:06","slug":"curso-reune-autores-de-lei-geral-de-protecao-de-dados","status":"publish","type":"post","link":"https:\/\/blogs.correiobraziliense.com.br\/servidor\/curso-reune-autores-de-lei-geral-de-protecao-de-dados\/","title":{"rendered":"Curso re\u00fane autores de Lei Geral de Prote\u00e7\u00e3o de Dados"},"content":{"rendered":"<p><em>Dois dos autores da nova Lei Geral de Prote\u00e7\u00e3o de Dados Pessoais, Danilo Doneda e Laura Schertel Mendes est\u00e3o entre os participantes de curso sobre a Lei Geral de Prote\u00e7\u00e3o de Dados, nos dias 29 e 30 de agosto na sede do Instituto de Direito P\u00fablico de S\u00e3o Paulo (IDP-SP), que tem como p\u00fablico-alvo ju\u00edzes, defensores p\u00fablicos, promotores, procuradores, empresas, advogados e estudantes<\/em><\/p>\n<p>Na programa\u00e7\u00e3o, est\u00e1 previsto um panorama sobre a nova legisla\u00e7\u00e3o brasileira de prote\u00e7\u00e3o de dados pessoais (LGPD), compreendendo os temas mais importantes para a sua implementa\u00e7\u00e3o: fundamentos e campo de aplica\u00e7\u00e3o, princ\u00edpios e direitos do titular, cria\u00e7\u00e3o de perfis e decis\u00f5es automatizadas, responsabilidade dos agentes, aspectos internacionais, seguran\u00e7a da informa\u00e7\u00e3o e privacy by design, bem como mecanismos sancionat\u00f3rios.<\/p>\n<p>Ser\u00e3o tamb\u00e9m abordados os pontos de contato da LGPD com a legisla\u00e7\u00e3o pertinente, como o Marco Civil da Internet, o C\u00f3digo de Defesa do Consumidor e a Lei do Cadastro Positivo, al\u00e9m das hip\u00f3teses de aplica\u00e7\u00e3o do Regulamento europeu de prote\u00e7\u00e3o de dados (GDPR).<\/p>\n<p>Laura tamb\u00e9m \u00e9 coordenadora do evento, organizado pelo Centro de Direito, Internet e Sociedade do IDP (Cedis\/IDP) e pelo Instituto de Tecnologia e Sociedade do Rio (ITS\/Rio). Al\u00e9m de Laura e Danilo, o curso ter\u00e1 ainda como palestrantes M\u00e1rio Viola, especialista em Direito Digital, Eduardo Magrani, advogado atuante nos campos de Direitos Digital e Propriedade Intelectual, Carlos Affonso, diretor do ITS-Rio, e Fabr\u00edcio Mota Alves, assessor legislativo no Senado Federal para temas de Direito Digital.<\/p>\n<p><strong>Servi\u00e7o:<\/strong><\/p>\n<p>A Nova Lei Geral de Prote\u00e7\u00e3o de Dados: Teoria e Pr\u00e1tica<\/p>\n<p>P\u00fablico-alvo: empresas, advogados, ju\u00edzes, defensores p\u00fablicos, promotores, procuradores e estudantes.<\/p>\n<p>Datas: 28, 29 e 30 de agosto<\/p>\n<p>Local: IDP SP \u2013 Rua Itapeva, 538 \u2013 Bela Vista, S\u00e3o Paulo-SP (a 300 metros do metr\u00f4 Trianon-Masp\/Paulista)<\/p>\n<p>Inscri\u00e7\u00f5es: <a href=\"http:\/\/portaleventos.idp.edu.br\/\">http:\/\/portaleventos.idp.edu.br\/<\/a><\/p>\n<p>Programa\u00e7\u00e3o completa: <a href=\"http:\/\/cursoextensao.idp.edu.br\/\">http:\/\/cursoextensao.idp.edu.br\/<\/a><\/p>\n<p>Realiza\u00e7\u00e3o: IDP (Instituto Brasiliense de Direito P\u00fablico) e ITS-Rio (Instituto de Tecnologia e Sociedade do Rio)<\/p>\n<p>Apoio: ABL2 (Associa\u00e7\u00e3o Brasileira de Lawtechs &amp; Legaltechs) e Future Law<\/p>\n","protected":false},"excerpt":{"rendered":"<p>Dois dos autores da nova Lei Geral de Prote\u00e7\u00e3o de Dados Pessoais, Danilo Doneda e Laura Schertel Mendes est\u00e3o entre os participantes de curso sobre a Lei Geral de Prote\u00e7\u00e3o de Dados, nos dias 29 e 30 de agosto na sede do Instituto de Direito P\u00fablico de S\u00e3o Paulo (IDP-SP), que tem como p\u00fablico-alvo ju\u00edzes, defensores p\u00fablicos, promotores, procuradores, empresas, [&hellip;]<\/p>\n","protected":false},"author":27,"featured_media":0,"comment_status":"open","ping_status":"closed","sticky":false,"template":"","format":"standard","meta":{"footnotes":""},"categories":[2719],"tags":[4805,3953,1076,8803,12491,5546,10072,13251,13111],"class_list":["post-10196","post","type-post","status-publish","format-standard","hentry","category-servidor","tag-aplicacao","tag-autores","tag-curso","tag-fundamentos","tag-gdpr","tag-idp-sp","tag-its-rio","tag-lei-geral-de-protecao-de-dados","tag-lgpd"],"_links":{"self":[{"href":"https:\/\/blogs.correiobraziliense.com.br\/servidor\/wp-json\/wp\/v2\/posts\/10196","targetHints":{"allow":["GET"]}}],"collection":[{"href":"https:\/\/blogs.correiobraziliense.com.br\/servidor\/wp-json\/wp\/v2\/posts"}],"about":[{"href":"https:\/\/blogs.correiobraziliense.com.br\/servidor\/wp-json\/wp\/v2\/types\/post"}],"author":[{"embeddable":true,"href":"https:\/\/blogs.correiobraziliense.com.br\/servidor\/wp-json\/wp\/v2\/users\/27"}],"replies":[{"embeddable":true,"href":"https:\/\/blogs.correiobraziliense.com.br\/servidor\/wp-json\/wp\/v2\/comments?post=10196"}],"version-history":[{"count":1,"href":"https:\/\/blogs.correiobraziliense.com.br\/servidor\/wp-json\/wp\/v2\/posts\/10196\/revisions"}],"predecessor-version":[{"id":10197,"href":"https:\/\/blogs.correiobraziliense.com.br\/servidor\/wp-json\/wp\/v2\/posts\/10196\/revisions\/10197"}],"wp:attachment":[{"href":"https:\/\/blogs.correiobraziliense.com.br\/servidor\/wp-json\/wp\/v2\/media?parent=10196"}],"wp:term":[{"taxonomy":"category","embeddable":true,"href":"https:\/\/blogs.correiobraziliense.com.br\/servidor\/wp-json\/wp\/v2\/categories?post=10196"},{"taxonomy":"post_tag","embeddable":true,"href":"https:\/\/blogs.correiobraziliense.com.br\/servidor\/wp-json\/wp\/v2\/tags?post=10196"}],"curies":[{"name":"wp","href":"https:\/\/api.w.org\/{rel}","templated":true}]}}