{"id":1019,"date":"2016-02-17T18:52:29","date_gmt":"2016-02-17T20:52:29","guid":{"rendered":"https:\/\/blogs.correiobraziliense.com.br\/servidor\/?p=1019"},"modified":"2016-02-17T18:52:29","modified_gmt":"2016-02-17T20:52:29","slug":"sinait-repudia-nomeacao-de-superintendente-no-para","status":"publish","type":"post","link":"https:\/\/blogs.correiobraziliense.com.br\/servidor\/sinait-repudia-nomeacao-de-superintendente-no-para\/","title":{"rendered":"SINAIT REPUDIA NOMEA\u00c7\u00c3O DE SUPERINTENDENTE NO PAR\u00c1"},"content":{"rendered":"<p>O Sindicato Nacional dos Auditores-Fiscais do Trabalho (Sinait) protocolou no gabinete do ministro do Trabalho e Previd\u00eancia Social, Miguel Rossetto, carta em que solicita a exonera\u00e7\u00e3o do superintendente Regional do Trabalho do Estado do Par\u00e1, Esmerino Neri Batista Filho, conhecido como Miriquinho Batista, que tomou posse o dia 5 de fevereiro. Na oportunidade, os auditores-fiscais do Trabalho em Bel\u00e9m fizeram um protesto.<\/p>\n<p>&nbsp;<\/p>\n<p>O Sindicato Nacional respalda o pedido nos in\u00fameros processos de desvio de conduta aos quais responde o superintendente que est\u00e3o descritos em Nota de Rep\u00fadio da Delegacia Sindical do Sinait no Par\u00e1 \u2013 DS\/PA abaixo.<\/p>\n<p>&nbsp;<\/p>\n<p><strong>NOTA DE REP\u00daDIO<\/strong><\/p>\n<p>&nbsp;<\/p>\n<p>O Sindicato Nacional dos Auditores Fiscais do Trabalho \u2013 SINAIT, atrav\u00e9s da DS\/PA vem a p\u00fablico REPUDIAR a nomea\u00e7\u00e3o do Senhor Esmerino Neri Batista Filho, \u201cMiriquinho Batista\u201d, para o cargo em comiss\u00e3o de Superintendente Regional do Trabalho no Estado do Par\u00e1, por existir contra o mesmo diversos processos de desvios de conduta no \u00e2mbito administrativo, eleitoral e penal, dentre os quais se destacam:\u00a0\u00a0\u00a0\u00a0 1-\u00a0\u00a0\u00a0\u00a0 TRE\/PA \u2013 Processo n\u00famero 18800.2002.614.0000 \u2013 Ocorr\u00eancia na Justi\u00e7a e Tribunais de Contas \u2013 Teve rejeitado presta\u00e7\u00e3o de contas referentes \u00e0s elei\u00e7\u00f5es de 2002; 2- TCM\/PA \u2013 Ac\u00f3rd\u00e3o n\u00famero 17478\/2008 \u2013 O Tribunal reprovou presta\u00e7\u00e3o de contas de 1999 da Secretaria Municipal de Administra\u00e7\u00e3o da Prefeitura Municipal de Bel\u00e9m sob sua Gest\u00e3o; 3- TJ\/PA Comarca de Bel\u00e9m \u2013 Processo n\u00famero 0000228-90.2014.8.14.0301 \u2013 Danos ao er\u00e1rio; 4- TJ\/PA Comarca de Bel\u00e9m \u2013 Processo n\u00famero 0057962-33.2013.8.14.0301 \u2013 Danos ao er\u00e1rio; 5- TJ\/PA Comarca de Bel\u00e9m \u2013 Processo n\u00famero 0028659-08.2012.8.14.0301 \u2013 Danos ao er\u00e1rio; 6- TJ\/PA Comarca de Bel\u00e9m, Processo n\u00famero 0023903-53.2012.8.14.0301 \u2013 Viola\u00e7\u00e3o aos princ\u00edpios administrativos e\u00a0 7- TJ\/PA Comarca de Bel\u00e9m \u2013 Processo n\u00famero 0008079-22.2006.8.14.0301 \u2013 R\u00e9u em a\u00e7\u00e3o civil p\u00fablica movida pelo Minist\u00e9rio P\u00fablico Estadual. Figura, ainda, como instrumento de maior afronta ao exerc\u00edcio da fun\u00e7\u00e3o para qual foi designado, o fato de existirem grav\u00edssimas den\u00fancias de envolvimento em fraude ao seguro defeso, conforme amplamente divulgado pela imprensa local. Dessa forma, a categoria de Auditoria Fiscal do Trabalho se manifesta, publicamente, contra a nomea\u00e7\u00e3o citada, por ver ignorados, por parte do MTPS, a observ\u00e2ncia obrigat\u00f3ria dos princ\u00edpios constitucionais da Moralidade e da Efici\u00eancia na Gest\u00e3o P\u00fablica.<\/p>\n","protected":false},"excerpt":{"rendered":"<p>O Sindicato Nacional dos Auditores-Fiscais do Trabalho (Sinait) protocolou no gabinete do ministro do Trabalho e Previd\u00eancia Social, Miguel Rossetto, carta em que solicita a exonera\u00e7\u00e3o do superintendente Regional do Trabalho do Estado do Par\u00e1, Esmerino Neri Batista Filho, conhecido como Miriquinho Batista, que tomou posse o dia 5 de fevereiro. Na oportunidade, os auditores-fiscais do Trabalho em Bel\u00e9m fizeram [&hellip;]<\/p>\n","protected":false},"author":27,"featured_media":0,"comment_status":"open","ping_status":"closed","sticky":false,"template":"","format":"standard","meta":{"footnotes":""},"categories":[1],"tags":[908,798,35,307,906,718,650,905,815,907],"class_list":["post-1019","post","type-post","status-publish","format-standard","hentry","category-sem-categoria","tag-exoneracao","tag-miguel-rossetto","tag-ministro","tag-nomeacao","tag-para","tag-protesto","tag-repudia","tag-sinait","tag-superintendente","tag-trabalho-e-prevdiencia-social"],"_links":{"self":[{"href":"https:\/\/blogs.correiobraziliense.com.br\/servidor\/wp-json\/wp\/v2\/posts\/1019","targetHints":{"allow":["GET"]}}],"collection":[{"href":"https:\/\/blogs.correiobraziliense.com.br\/servidor\/wp-json\/wp\/v2\/posts"}],"about":[{"href":"https:\/\/blogs.correiobraziliense.com.br\/servidor\/wp-json\/wp\/v2\/types\/post"}],"author":[{"embeddable":true,"href":"https:\/\/blogs.correiobraziliense.com.br\/servidor\/wp-json\/wp\/v2\/users\/27"}],"replies":[{"embeddable":true,"href":"https:\/\/blogs.correiobraziliense.com.br\/servidor\/wp-json\/wp\/v2\/comments?post=1019"}],"version-history":[{"count":1,"href":"https:\/\/blogs.correiobraziliense.com.br\/servidor\/wp-json\/wp\/v2\/posts\/1019\/revisions"}],"predecessor-version":[{"id":1020,"href":"https:\/\/blogs.correiobraziliense.com.br\/servidor\/wp-json\/wp\/v2\/posts\/1019\/revisions\/1020"}],"wp:attachment":[{"href":"https:\/\/blogs.correiobraziliense.com.br\/servidor\/wp-json\/wp\/v2\/media?parent=1019"}],"wp:term":[{"taxonomy":"category","embeddable":true,"href":"https:\/\/blogs.correiobraziliense.com.br\/servidor\/wp-json\/wp\/v2\/categories?post=1019"},{"taxonomy":"post_tag","embeddable":true,"href":"https:\/\/blogs.correiobraziliense.com.br\/servidor\/wp-json\/wp\/v2\/tags?post=1019"}],"curies":[{"name":"wp","href":"https:\/\/api.w.org\/{rel}","templated":true}]}}