{"id":10180,"date":"2018-08-24T18:48:26","date_gmt":"2018-08-24T21:48:26","guid":{"rendered":"https:\/\/blogs.correiobraziliense.com.br\/servidor\/?p=10180"},"modified":"2018-08-24T18:48:26","modified_gmt":"2018-08-24T21:48:26","slug":"ex-gestores-publicos-so-podem-sofrer-sancoes-dos-tribunais-de-contas-se-citados-em-de-cinco-anos-decide-trf-da-1a-regiao","status":"publish","type":"post","link":"https:\/\/blogs.correiobraziliense.com.br\/servidor\/ex-gestores-publicos-so-podem-sofrer-sancoes-dos-tribunais-de-contas-se-citados-em-de-cinco-anos-decide-trf-da-1a-regiao\/","title":{"rendered":"Ex-gestores p\u00fablicos s\u00f3 podem sofrer san\u00e7\u00f5es dos Tribunais de Contas se citados em de cinco anos, decide TRF da 1\u00aa Regi\u00e3o"},"content":{"rendered":"<p><i>A medida passa a valer imediatamente e impacta principalmente ex-prefeitos e ex-secret\u00e1rios do Estado do Maranh\u00e3o<\/i><\/p>\n<p>O Tribunal Regional Federal da 1\u00aa Regi\u00e3o decidiu na <span id=\"OBJ_PREFIX_DWT742_com_zimbra_date\" class=\"Object\"><span id=\"OBJ_PREFIX_DWT750_com_zimbra_date\" class=\"Object\">quinta<\/span><\/span>-feira (23), por meio de decis\u00e3o liminar, que sobre as tomadas de contas dos Tribunais de Contas dos Estados e da Uni\u00e3o se aplica o prazo de cinco anos para prescri\u00e7\u00e3o, embora o Supremo Tribunal Federal (STF) tenha entendido que s\u00e3o imprescrit\u00edveis as a\u00e7\u00f5es de ressarcimento ao er\u00e1rio. Os ex-gestores que forem citados mais de cinco anos ap\u00f3s o t\u00e9rmino do mandato n\u00e3o dever\u00e3o <span id=\"OBJ_PREFIX_DWT743_com_zimbra_date\" class=\"Object\"><span id=\"OBJ_PREFIX_DWT751_com_zimbra_date\" class=\"Object\">ter<\/span><\/span> inelegibilidade cominada e tampouco qualquer outro tipo de san\u00e7\u00e3o.<\/p>\n<p>Segundo a decis\u00e3o liminar tomada no processo n\u00ba <span id=\"OBJ_PREFIX_DWT744_com_zimbra_phone\" class=\"Object\"><a href=\"1024076-76.2018.4.01\">1024076-76.2018.4.01<\/a><\/span>.0000, afirmou-se que a jurisprud\u00eancia do Superior Tribunal de Justi\u00e7a j\u00e1 havia assentado que n\u00e3o pode o ex-gestor ficar indefinidamente sob a responsabilidade de prestar contas e sofre grave desvantagem na formula\u00e7\u00e3o de sua defesa ap\u00f3s largo lapso temporal em que praticou os referidos atos. Por outro lado, definiu que a responsabilidade de ressarcimento ao er\u00e1rio permanece desde que n\u00e3o se aplique outras san\u00e7\u00f5es ao gestor e haja ato doloso de improbidade, como afirmou o STF.<\/p>\n<p>&#8220;O entendimento vem de encontro \u00e0 Jurisprud\u00eancia do Tribunal de Contas da\u00a0Uni\u00e3o (TCU) que vem aplicando san\u00e7\u00f5es aos ex-gestores, levando em considera\u00e7\u00e3o o arbitr\u00e1rio prazo prescricional<span id=\"OBJ_PREFIX_DWT745_com_zimbra_date\" class=\"Object\"> de dez<\/span> anos&#8221;, explica o advogado Vicente\u00a0Viana, do escrit\u00f3rio Viana &amp; Amorim Advogados, de Bras\u00edlia, que defendeu o candidato a deputado federal do Maranh\u00e3o, J\u00fanior Louren\u00e7o, no Agravo de Instrumento.<\/p>\n","protected":false},"excerpt":{"rendered":"<p>A medida passa a valer imediatamente e impacta principalmente ex-prefeitos e ex-secret\u00e1rios do Estado do Maranh\u00e3o O Tribunal Regional Federal da 1\u00aa Regi\u00e3o decidiu na quinta-feira (23), por meio de decis\u00e3o liminar, que sobre as tomadas de contas dos Tribunais de Contas dos Estados e da Uni\u00e3o se aplica o prazo de cinco anos para prescri\u00e7\u00e3o, embora o Supremo Tribunal [&hellip;]<\/p>\n","protected":false},"author":27,"featured_media":0,"comment_status":"open","ping_status":"closed","sticky":false,"template":"","format":"standard","meta":{"footnotes":""},"categories":[2719],"tags":[1276,13237,13236,13238,13239,617,4190,3816,7578,24,6978,5079,7145],"class_list":["post-10180","post","type-post","status-publish","format-standard","hentry","category-servidor","tag-cargo-de-confianca-stf","tag-cinco-anos","tag-ex-gestores","tag-ex-prefeitos","tag-ex-secretarios","tag-liminar","tag-maranhao","tag-medida","tag-prescricao","tag-publicos","tag-sancoes","tag-trf1","tag-tribunais-de-contas"],"_links":{"self":[{"href":"https:\/\/blogs.correiobraziliense.com.br\/servidor\/wp-json\/wp\/v2\/posts\/10180","targetHints":{"allow":["GET"]}}],"collection":[{"href":"https:\/\/blogs.correiobraziliense.com.br\/servidor\/wp-json\/wp\/v2\/posts"}],"about":[{"href":"https:\/\/blogs.correiobraziliense.com.br\/servidor\/wp-json\/wp\/v2\/types\/post"}],"author":[{"embeddable":true,"href":"https:\/\/blogs.correiobraziliense.com.br\/servidor\/wp-json\/wp\/v2\/users\/27"}],"replies":[{"embeddable":true,"href":"https:\/\/blogs.correiobraziliense.com.br\/servidor\/wp-json\/wp\/v2\/comments?post=10180"}],"version-history":[{"count":1,"href":"https:\/\/blogs.correiobraziliense.com.br\/servidor\/wp-json\/wp\/v2\/posts\/10180\/revisions"}],"predecessor-version":[{"id":10181,"href":"https:\/\/blogs.correiobraziliense.com.br\/servidor\/wp-json\/wp\/v2\/posts\/10180\/revisions\/10181"}],"wp:attachment":[{"href":"https:\/\/blogs.correiobraziliense.com.br\/servidor\/wp-json\/wp\/v2\/media?parent=10180"}],"wp:term":[{"taxonomy":"category","embeddable":true,"href":"https:\/\/blogs.correiobraziliense.com.br\/servidor\/wp-json\/wp\/v2\/categories?post=10180"},{"taxonomy":"post_tag","embeddable":true,"href":"https:\/\/blogs.correiobraziliense.com.br\/servidor\/wp-json\/wp\/v2\/tags?post=10180"}],"curies":[{"name":"wp","href":"https:\/\/api.w.org\/{rel}","templated":true}]}}