{"id":10176,"date":"2018-08-24T15:41:20","date_gmt":"2018-08-24T18:41:20","guid":{"rendered":"https:\/\/blogs.correiobraziliense.com.br\/servidor\/?p=10176"},"modified":"2018-08-24T15:41:20","modified_gmt":"2018-08-24T18:41:20","slug":"correios-divulga-resultado-do-processo-seletivo-para-jovem-aprendiz","status":"publish","type":"post","link":"https:\/\/blogs.correiobraziliense.com.br\/servidor\/correios-divulga-resultado-do-processo-seletivo-para-jovem-aprendiz\/","title":{"rendered":"Correios divulga resultado do processo seletivo para Jovem Aprendiz"},"content":{"rendered":"<p><em>Os Correios publicaram, nesta sexta-feira (24), o resultado do Processo Seletivo Simplificado Jovem Aprendiz 2018. A rela\u00e7\u00e3o de aprovados est\u00e1 dispon\u00edvel no endere\u00e7o <u><a href=\"http:\/\/www.correios.com.br\/\">http:\/\/www.correios.com.br<\/a>,<\/u> em Sobre os Correios &gt; Recursos Humanos &gt; Jovem Aprendiz &gt; Em andamento.<\/em><\/p>\n<p>As convoca\u00e7\u00f5es ter\u00e3o in\u00edcio ainda em 2018 para grande parte das localidades ofertadas no edital de sele\u00e7\u00e3o. Os candidatos aprovados dever\u00e3o aguardar a convoca\u00e7\u00e3o, por meio de telegrama, que poder\u00e1 ocorrer dentro da validade do processo seletivo ou conforme necessidade dos Correios, bem como acompanhar no site o andamento das etapas.<\/p>\n<p>O Jovem Aprendiz dos Correios 2018 ofertou 4.983 vagas em todo o pa\u00eds, al\u00e9m de forma\u00e7\u00e3o de cadastro reserva. O programa, que existe desde 2011 em parceria com o Servi\u00e7o Nacional de Aprendizagem Industrial (Senai), possibilita a forma\u00e7\u00e3o t\u00e9cnico-profissional de assistente administrativo. Este ano o programa tamb\u00e9m possibilita a forma\u00e7\u00e3o t\u00e9cnico-profissional de assistente de log\u00edstica em nove unidades da federa\u00e7\u00e3o. Essa inova\u00e7\u00e3o visa o alinhamento do programa com o neg\u00f3cio da empresa, proporcionando melhor aproveitamento da for\u00e7a de trabalho constitu\u00edda pelos jovens aprendizes que comp\u00f5em as cotas destinadas \u00e0s \u00e1reas operacionais.<\/p>\n<p>O jovem aprendiz cumprir\u00e1 jornada de aprendizagem de 20 horas semanais, distribu\u00eddas em quatro horas di\u00e1rias, durante os 12 meses de contrato, conciliando a fase te\u00f3rica do curso de aprendizagem no Senai e a fase pr\u00e1tica nos Correios. Os participantes do programa ter\u00e3o direito ao sal\u00e1rio de R$ 448,46, vale-transporte e vale-refei\u00e7\u00e3o ou alimenta\u00e7\u00e3o.<\/p>\n","protected":false},"excerpt":{"rendered":"<p>Os Correios publicaram, nesta sexta-feira (24), o resultado do Processo Seletivo Simplificado Jovem Aprendiz 2018. A rela\u00e7\u00e3o de aprovados est\u00e1 dispon\u00edvel no endere\u00e7o http:\/\/www.correios.com.br, em Sobre os Correios &gt; Recursos Humanos &gt; Jovem Aprendiz &gt; Em andamento. As convoca\u00e7\u00f5es ter\u00e3o in\u00edcio ainda em 2018 para grande parte das localidades ofertadas no edital de sele\u00e7\u00e3o. Os candidatos aprovados dever\u00e3o aguardar a [&hellip;]<\/p>\n","protected":false},"author":27,"featured_media":0,"comment_status":"open","ping_status":"closed","sticky":false,"template":"","format":"standard","meta":{"footnotes":""},"categories":[2719],"tags":[234,178,13233,20,5154,903,13234,780,10343,1772,13232,1939,2508,13235,9533,699],"class_list":["post-10176","post","type-post","status-publish","format-standard","hentry","category-servidor","tag-aprovados","tag-candidatos","tag-convocacoes","tag-correios","tag-disponivel","tag-etapas","tag-foraacao","tag-jovem-aprendiz","tag-localidades","tag-parceria","tag-processo-seletivos","tag-relacao","tag-resultado","tag-senai","tag-telegrama","tag-validade"],"_links":{"self":[{"href":"https:\/\/blogs.correiobraziliense.com.br\/servidor\/wp-json\/wp\/v2\/posts\/10176","targetHints":{"allow":["GET"]}}],"collection":[{"href":"https:\/\/blogs.correiobraziliense.com.br\/servidor\/wp-json\/wp\/v2\/posts"}],"about":[{"href":"https:\/\/blogs.correiobraziliense.com.br\/servidor\/wp-json\/wp\/v2\/types\/post"}],"author":[{"embeddable":true,"href":"https:\/\/blogs.correiobraziliense.com.br\/servidor\/wp-json\/wp\/v2\/users\/27"}],"replies":[{"embeddable":true,"href":"https:\/\/blogs.correiobraziliense.com.br\/servidor\/wp-json\/wp\/v2\/comments?post=10176"}],"version-history":[{"count":1,"href":"https:\/\/blogs.correiobraziliense.com.br\/servidor\/wp-json\/wp\/v2\/posts\/10176\/revisions"}],"predecessor-version":[{"id":10177,"href":"https:\/\/blogs.correiobraziliense.com.br\/servidor\/wp-json\/wp\/v2\/posts\/10176\/revisions\/10177"}],"wp:attachment":[{"href":"https:\/\/blogs.correiobraziliense.com.br\/servidor\/wp-json\/wp\/v2\/media?parent=10176"}],"wp:term":[{"taxonomy":"category","embeddable":true,"href":"https:\/\/blogs.correiobraziliense.com.br\/servidor\/wp-json\/wp\/v2\/categories?post=10176"},{"taxonomy":"post_tag","embeddable":true,"href":"https:\/\/blogs.correiobraziliense.com.br\/servidor\/wp-json\/wp\/v2\/tags?post=10176"}],"curies":[{"name":"wp","href":"https:\/\/api.w.org\/{rel}","templated":true}]}}