{"id":10154,"date":"2018-08-23T13:57:08","date_gmt":"2018-08-23T16:57:08","guid":{"rendered":"https:\/\/blogs.correiobraziliense.com.br\/servidor\/?p=10154"},"modified":"2018-08-23T13:57:08","modified_gmt":"2018-08-23T16:57:08","slug":"agu-juizes-proibidos-de-atuar-em-processos-que-envolvam-conjuges-e-familiares","status":"publish","type":"post","link":"https:\/\/blogs.correiobraziliense.com.br\/servidor\/agu-juizes-proibidos-de-atuar-em-processos-que-envolvam-conjuges-e-familiares\/","title":{"rendered":"AGU &#8211; Ju\u00edzes proibidos de atuar em processos que envolvam c\u00f4njuges e familiares"},"content":{"rendered":"<p><em>A advogada-geral da Uni\u00e3o, ministra Grace Mendon\u00e7a, encaminhou ao Supremo Tribunal Federal (STF) manifesta\u00e7\u00e3o na qual defende a proibi\u00e7\u00e3o para que ju\u00edzes julguem processos nos quais atuem escrit\u00f3rios de advocacia de seus c\u00f4njuges ou familiares<\/em><\/p>\n<p>A atua\u00e7\u00e3o ocorre no \u00e2mbito de a\u00e7\u00e3o (ADI n\u00ba 5953) movida pela Associa\u00e7\u00e3o dos Magistrados Brasileiros (AMB) para questionar a constitucionalidade da restri\u00e7\u00e3o, prevista no artigo 144 do C\u00f3digo de Processo Civil (Lei n\u00ba 13.105\/16). A entidade alega que seria imposs\u00edvel para o juiz verificar se as partes de todos os processos judiciais submetidos a sua an\u00e1lise s\u00e3o representadas pelos escrit\u00f3rios de parentes, de modo que a norma afrontaria o princ\u00edpio da razoabilidade, entre outros.<\/p>\n<p>Para a Advocacia-Geral da Uni\u00e3o (AGU), no entanto, a proibi\u00e7\u00e3o \u00e9 uma forma de garantir a imparcialidade do Poder Judici\u00e1rio e concretizar os princ\u00edpios constitucionais do devido processo legal e do juiz natural. \u201cA concep\u00e7\u00e3o de juiz natural pressup\u00f5e a imparcialidade do \u00f3rg\u00e3o julgador, o qual deve se manter equidistante das partes no processo, isento de qualquer tipo de interesse no julgamento da causa\u201d, pondera Grace em trecho da manifesta\u00e7\u00e3o.<\/p>\n<p>A a\u00e7\u00e3o \u2013 que ainda n\u00e3o tem data para ser julgada \u2013 est\u00e1 sob relatoria do ministro Edson Fachin.<\/p>\n","protected":false},"excerpt":{"rendered":"<p>A advogada-geral da Uni\u00e3o, ministra Grace Mendon\u00e7a, encaminhou ao Supremo Tribunal Federal (STF) manifesta\u00e7\u00e3o na qual defende a proibi\u00e7\u00e3o para que ju\u00edzes julguem processos nos quais atuem escrit\u00f3rios de advocacia de seus c\u00f4njuges ou familiares A atua\u00e7\u00e3o ocorre no \u00e2mbito de a\u00e7\u00e3o (ADI n\u00ba 5953) movida pela Associa\u00e7\u00e3o dos Magistrados Brasileiros (AMB) para questionar a constitucionalidade da restri\u00e7\u00e3o, prevista no [&hellip;]<\/p>\n","protected":false},"author":27,"featured_media":0,"comment_status":"open","ping_status":"closed","sticky":false,"template":"","format":"standard","meta":{"footnotes":""},"categories":[2719],"tags":[13215,465,157,1409,5024,925,8214,4875,344,13216,621,1157,13214],"class_list":["post-10154","post","type-post","status-publish","format-standard","hentry","category-servidor","tag-adi-5953","tag-advocacia","tag-agu","tag-amb","tag-constitucionalidade","tag-cpc","tag-escritorios","tag-familiares","tag-juizes","tag-lei-13-10516","tag-magistrados","tag-processo","tag-s-conjuges"],"_links":{"self":[{"href":"https:\/\/blogs.correiobraziliense.com.br\/servidor\/wp-json\/wp\/v2\/posts\/10154","targetHints":{"allow":["GET"]}}],"collection":[{"href":"https:\/\/blogs.correiobraziliense.com.br\/servidor\/wp-json\/wp\/v2\/posts"}],"about":[{"href":"https:\/\/blogs.correiobraziliense.com.br\/servidor\/wp-json\/wp\/v2\/types\/post"}],"author":[{"embeddable":true,"href":"https:\/\/blogs.correiobraziliense.com.br\/servidor\/wp-json\/wp\/v2\/users\/27"}],"replies":[{"embeddable":true,"href":"https:\/\/blogs.correiobraziliense.com.br\/servidor\/wp-json\/wp\/v2\/comments?post=10154"}],"version-history":[{"count":1,"href":"https:\/\/blogs.correiobraziliense.com.br\/servidor\/wp-json\/wp\/v2\/posts\/10154\/revisions"}],"predecessor-version":[{"id":10155,"href":"https:\/\/blogs.correiobraziliense.com.br\/servidor\/wp-json\/wp\/v2\/posts\/10154\/revisions\/10155"}],"wp:attachment":[{"href":"https:\/\/blogs.correiobraziliense.com.br\/servidor\/wp-json\/wp\/v2\/media?parent=10154"}],"wp:term":[{"taxonomy":"category","embeddable":true,"href":"https:\/\/blogs.correiobraziliense.com.br\/servidor\/wp-json\/wp\/v2\/categories?post=10154"},{"taxonomy":"post_tag","embeddable":true,"href":"https:\/\/blogs.correiobraziliense.com.br\/servidor\/wp-json\/wp\/v2\/tags?post=10154"}],"curies":[{"name":"wp","href":"https:\/\/api.w.org\/{rel}","templated":true}]}}