{"id":10151,"date":"2018-08-23T12:59:35","date_gmt":"2018-08-23T15:59:35","guid":{"rendered":"https:\/\/blogs.correiobraziliense.com.br\/servidor\/?p=10151"},"modified":"2018-08-23T12:59:35","modified_gmt":"2018-08-23T15:59:35","slug":"projeto-permite-gravida-adiar-teste-de-aptidao-fisica-em-concurso-publico","status":"publish","type":"post","link":"https:\/\/blogs.correiobraziliense.com.br\/servidor\/projeto-permite-gravida-adiar-teste-de-aptidao-fisica-em-concurso-publico\/","title":{"rendered":"Projeto permite gr\u00e1vida adiar teste de aptid\u00e3o f\u00edsica em concurso p\u00fablico"},"content":{"rendered":"<p><em>Projeto relatado pelo senador Lasier Martins (PSD-RS) na Comiss\u00e3o de Constitui\u00e7\u00e3o e Justi\u00e7a (CCJ) do Senado permite candidatas gr\u00e1vidas fazerem provas de aptid\u00e3o f\u00edsica em data alternativa \u00e0 prevista no edital<\/em><\/p>\n<p>O PLS 83\/2018 \u00e9 uma resposta \u00e0 preocupa\u00e7\u00e3o de realizadores dos certames com a sa\u00fade da gestante e da Justi\u00e7a, que j\u00e1 se manifestou sobre a quest\u00e3o, na busca por resguardar direitos e oportunidades iguais. O projeto tramita de forma terminativa na CCJ e, se aprovado sem recurso para aprecia\u00e7\u00e3o em plen\u00e1rio, vai para a C\u00e2mara dos Deputados.<\/p>\n<p>A proposta prev\u00ea que a candidata gestante dever\u00e1 apresentar documentos que confirmem sua gravidez para fazer a remarca\u00e7\u00e3o do teste de aptid\u00e3o f\u00edsica. Al\u00e9m da declara\u00e7\u00e3o de m\u00e9dico ou cl\u00ednica competente, dever\u00e1 ser anexado tamb\u00e9m resultado de exame laboratorial.<\/p>\n<p>A data, o local e o hor\u00e1rio da prova ser\u00e3o fixados pela banca realizadora do concurso, de 30 a 90 dias ap\u00f3s o t\u00e9rmino da gravidez. A candidata dever\u00e1 comunicar formalmente a institui\u00e7\u00e3o do fim da gesta\u00e7\u00e3o, sob pena de ser exclu\u00edda do concurso p\u00fablico. A proposta tamb\u00e9m permite \u00e0 gestante realizar, sob sua pr\u00f3pria conta e risco, os testes de aptid\u00e3o f\u00edsica nos locais e datas determinados pelo edital.<\/p>\n<p>O Projeto de Lei do Senado (<a class=\"external-link\" href=\"http:\/\/www25.senado.leg.br\/web\/atividade\/materias\/-\/materia\/132443\">PLS 83\/2018<\/a>), de autoria do senador Fernando Bezerra Coelho (MDB\/PE)<\/p>\n","protected":false},"excerpt":{"rendered":"<p>Projeto relatado pelo senador Lasier Martins (PSD-RS) na Comiss\u00e3o de Constitui\u00e7\u00e3o e Justi\u00e7a (CCJ) do Senado permite candidatas gr\u00e1vidas fazerem provas de aptid\u00e3o f\u00edsica em data alternativa \u00e0 prevista no edital O PLS 83\/2018 \u00e9 uma resposta \u00e0 preocupa\u00e7\u00e3o de realizadores dos certames com a sa\u00fade da gestante e da Justi\u00e7a, que j\u00e1 se manifestou sobre a quest\u00e3o, na busca [&hellip;]<\/p>\n","protected":false},"author":27,"featured_media":0,"comment_status":"open","ping_status":"closed","sticky":false,"template":"","format":"standard","meta":{"footnotes":""},"categories":[2719],"tags":[3440,2992,26,13213,1531,10891,2187,93,191,92,4576,2776,13212,101,728,241,696,4578],"class_list":["post-10151","post","type-post","status-publish","format-standard","hentry","category-servidor","tag-adiar","tag-alternativa","tag-aptidao","tag-aptidao-fisica","tag-camara-dos-deputados","tag-candidatas","tag-ccj","tag-concurso","tag-data","tag-edital","tag-gravida","tag-plenario","tag-pls-832018","tag-projeto","tag-provas","tag-publico","tag-senado","tag-teste"],"_links":{"self":[{"href":"https:\/\/blogs.correiobraziliense.com.br\/servidor\/wp-json\/wp\/v2\/posts\/10151","targetHints":{"allow":["GET"]}}],"collection":[{"href":"https:\/\/blogs.correiobraziliense.com.br\/servidor\/wp-json\/wp\/v2\/posts"}],"about":[{"href":"https:\/\/blogs.correiobraziliense.com.br\/servidor\/wp-json\/wp\/v2\/types\/post"}],"author":[{"embeddable":true,"href":"https:\/\/blogs.correiobraziliense.com.br\/servidor\/wp-json\/wp\/v2\/users\/27"}],"replies":[{"embeddable":true,"href":"https:\/\/blogs.correiobraziliense.com.br\/servidor\/wp-json\/wp\/v2\/comments?post=10151"}],"version-history":[{"count":1,"href":"https:\/\/blogs.correiobraziliense.com.br\/servidor\/wp-json\/wp\/v2\/posts\/10151\/revisions"}],"predecessor-version":[{"id":10152,"href":"https:\/\/blogs.correiobraziliense.com.br\/servidor\/wp-json\/wp\/v2\/posts\/10151\/revisions\/10152"}],"wp:attachment":[{"href":"https:\/\/blogs.correiobraziliense.com.br\/servidor\/wp-json\/wp\/v2\/media?parent=10151"}],"wp:term":[{"taxonomy":"category","embeddable":true,"href":"https:\/\/blogs.correiobraziliense.com.br\/servidor\/wp-json\/wp\/v2\/categories?post=10151"},{"taxonomy":"post_tag","embeddable":true,"href":"https:\/\/blogs.correiobraziliense.com.br\/servidor\/wp-json\/wp\/v2\/tags?post=10151"}],"curies":[{"name":"wp","href":"https:\/\/api.w.org\/{rel}","templated":true}]}}