{"id":10149,"date":"2018-08-23T12:39:14","date_gmt":"2018-08-23T15:39:14","guid":{"rendered":"https:\/\/blogs.correiobraziliense.com.br\/servidor\/?p=10149"},"modified":"2018-08-23T13:01:29","modified_gmt":"2018-08-23T16:01:29","slug":"magistrados-do-trabalho-repudiam-nomeacoes-irregulares-no-trt16","status":"publish","type":"post","link":"https:\/\/blogs.correiobraziliense.com.br\/servidor\/magistrados-do-trabalho-repudiam-nomeacoes-irregulares-no-trt16\/","title":{"rendered":"Magistrados do trabalho repudiam supostas nomea\u00e7\u00f5es irregulares no TRT16"},"content":{"rendered":"<p><em>Por meio de nota, a Anamatra e a Amatra 16 se manifestam sobre suposta ocorr\u00eancia de nomea\u00e7\u00f5es irregulares no TRT da 16\u00aa Regi\u00e3o<\/em><\/p>\n<p>Veja a nota:<\/p>\n<p>&#8220;A Associa\u00e7\u00e3o Nacional dos Magistrados da Justi\u00e7a do Trabalho (Anamatra) e a Associa\u00e7\u00e3o dos Magistrados do Trabalho da 16\u00aa Regi\u00e3o (MA) (Amatra 16), tendo em vista o quanto noticiado, em diversos meios de comunica\u00e7\u00e3o, quanto \u00e0 suposta ocorr\u00eancia de nomea\u00e7\u00f5es irregulares no \u00e2mbito do TRT da 16a. Regi\u00e3o, e especialmente quanto \u00e0 inver\u00eddica \u201comiss\u00e3o\u201d de manifesta\u00e7\u00e3o da Anamatra acerca do fato, v\u00eam a p\u00fablico externar o seguinte.<\/p>\n<p>1. A Anamatra jamais foi consultada, procurada ou ouvida previamente sobre o referido caso concreto, por nenhum jornalista ou \u00f3rg\u00e3o de comunica\u00e7\u00e3o.<\/p>\n<p>2. Ambas as entidades ratificam sua posi\u00e7\u00e3o firme e irredut\u00edvel contra a pr\u00e1tica de quaisquer atos que configurem nepotismo funcional, de modo coerente com suas atua\u00e7\u00f5es hist\u00f3ricas na constru\u00e7\u00e3o desse importante pilar da moralidade p\u00fablica.<\/p>\n<p>3. O caso noticiado est\u00e1 sendo objeto de apura\u00e7\u00f5es pelos \u00f3rg\u00e3os competentes, \u00e0 vista das balizas regulamentares dispostas pela Res. CNJ n.7\/2005. N\u00e3o h\u00e1, por conseguinte, qualquer omiss\u00e3o institucional a prop\u00f3sito.<\/p>\n<p>Acesse a nota p\u00fablica <a href=\"https:\/\/www.anamatra.org.br\/images\/Nota_p%C3%BAblica__23082018.pdf\">aqui<\/a>.<\/p>\n<p>Bras\u00edlia\/S\u00e3o Lu\u00eds, 23 de agosto de 2018.<\/p>\n<p>Guilherme Guimar\u00e3es Feliciano<br \/>\nPresidente da Associa\u00e7\u00e3o Nacional dos Magistrados da Justi\u00e7a do Trabalho<\/p>\n<p>Saulo Tarc\u00edsio de Carvalho Fontes<br \/>\nPresidente da Associa\u00e7\u00e3o dos Magistrados do Trabalho da 16\u00aa Regi\u00e3o (MA)&#8221;<\/p>\n","protected":false},"excerpt":{"rendered":"<p>Por meio de nota, a Anamatra e a Amatra 16 se manifestam sobre suposta ocorr\u00eancia de nomea\u00e7\u00f5es irregulares no TRT da 16\u00aa Regi\u00e3o Veja a nota: &#8220;A Associa\u00e7\u00e3o Nacional dos Magistrados da Justi\u00e7a do Trabalho (Anamatra) e a Associa\u00e7\u00e3o dos Magistrados do Trabalho da 16\u00aa Regi\u00e3o (MA) (Amatra 16), tendo em vista o quanto noticiado, em diversos meios de comunica\u00e7\u00e3o, [&hellip;]<\/p>\n","protected":false},"author":27,"featured_media":0,"comment_status":"open","ping_status":"closed","sticky":false,"template":"","format":"standard","meta":{"footnotes":""},"categories":[2719],"tags":[13211,1408,3868,3673,621,122,5007,261,13210],"class_list":["post-10149","post","type-post","status-publish","format-standard","hentry","category-servidor","tag-amatra-16","tag-anamatra","tag-caso","tag-irregulares","tag-magistrados","tag-nomeacoes","tag-omissao","tag-trabalho","tag-trt16"],"_links":{"self":[{"href":"https:\/\/blogs.correiobraziliense.com.br\/servidor\/wp-json\/wp\/v2\/posts\/10149","targetHints":{"allow":["GET"]}}],"collection":[{"href":"https:\/\/blogs.correiobraziliense.com.br\/servidor\/wp-json\/wp\/v2\/posts"}],"about":[{"href":"https:\/\/blogs.correiobraziliense.com.br\/servidor\/wp-json\/wp\/v2\/types\/post"}],"author":[{"embeddable":true,"href":"https:\/\/blogs.correiobraziliense.com.br\/servidor\/wp-json\/wp\/v2\/users\/27"}],"replies":[{"embeddable":true,"href":"https:\/\/blogs.correiobraziliense.com.br\/servidor\/wp-json\/wp\/v2\/comments?post=10149"}],"version-history":[{"count":2,"href":"https:\/\/blogs.correiobraziliense.com.br\/servidor\/wp-json\/wp\/v2\/posts\/10149\/revisions"}],"predecessor-version":[{"id":10153,"href":"https:\/\/blogs.correiobraziliense.com.br\/servidor\/wp-json\/wp\/v2\/posts\/10149\/revisions\/10153"}],"wp:attachment":[{"href":"https:\/\/blogs.correiobraziliense.com.br\/servidor\/wp-json\/wp\/v2\/media?parent=10149"}],"wp:term":[{"taxonomy":"category","embeddable":true,"href":"https:\/\/blogs.correiobraziliense.com.br\/servidor\/wp-json\/wp\/v2\/categories?post=10149"},{"taxonomy":"post_tag","embeddable":true,"href":"https:\/\/blogs.correiobraziliense.com.br\/servidor\/wp-json\/wp\/v2\/tags?post=10149"}],"curies":[{"name":"wp","href":"https:\/\/api.w.org\/{rel}","templated":true}]}}