{"id":10145,"date":"2018-08-22T19:56:53","date_gmt":"2018-08-22T22:56:53","guid":{"rendered":"https:\/\/blogs.correiobraziliense.com.br\/servidor\/?p=10145"},"modified":"2018-08-22T19:56:53","modified_gmt":"2018-08-22T22:56:53","slug":"ultimos-dias-fundo-brasil-seleciona-projetos-de-combate-ao-racismo-ate-31-de-agosto","status":"publish","type":"post","link":"https:\/\/blogs.correiobraziliense.com.br\/servidor\/ultimos-dias-fundo-brasil-seleciona-projetos-de-combate-ao-racismo-ate-31-de-agosto\/","title":{"rendered":"\u00daltimos dias: Fundo Brasil seleciona projetos de combate ao racismo at\u00e9 31 de agosto"},"content":{"rendered":"<p><em>Cada grupo selecionado receber\u00e1 at\u00e9 R$ 70 mil. Os selecionados ser\u00e3o divulgados at\u00e9 o dia <span id=\"OBJ_PREFIX_DWT644_com_zimbra_date\" class=\"Object\">20 de novembro<\/span>, Dia da Consci\u00eancia Negra<br \/>\n<\/em><\/p>\n<p>As organiza\u00e7\u00f5es interessadas em apresentar projetos para o edital \u201cEnfrentando o racismo a partir da base: mobiliza\u00e7\u00e3o para defesa de direitos\u201d t\u00eam at\u00e9 o dia <span id=\"OBJ_PREFIX_DWT642_com_zimbra_date\" class=\"Object\">31 de agosto<\/span> para fazer a inscri\u00e7\u00e3o.<\/p>\n<p>O Fundo Brasil de Direitos Humanos vai doar R$ 490 mil para iniciativas que combatem o racismo vivenciado pela popula\u00e7\u00e3o negra. O edital \u00e9 um apoio a organiza\u00e7\u00f5es com a\u00e7\u00f5es voltadas \u00e0 luta contra a discrimina\u00e7\u00e3o racial no pa\u00eds.<\/p>\n<p>Os projetos apoiados pela iniciativa, em parceria com a Funda\u00e7\u00e3o Open Society, receber\u00e3o at\u00e9 R$ 70 mil para as atividades em um prazo de at\u00e9 18 meses. As inscri\u00e7\u00f5es podem ser feitas pela internet (<u><span id=\"OBJ_PREFIX_DWT643_com_zimbra_url\" class=\"Object\"><a href=\"https:\/\/app.workr.com.br\/LinkOpen.aspx?mid=b87e1354-23d2-4e1f-aa06-b9293abe3044&amp;lid=b29Pq\/t1S5V4WjY86lCehw==\" target=\"_blank\">a partir do link do edital<\/a><\/span><\/u>). Os selecionados ser\u00e3o divulgados at\u00e9 o dia <span id=\"OBJ_PREFIX_DWT644_com_zimbra_date\" class=\"Object\">20 de novembro<\/span>, Dia da Consci\u00eancia Negra.<\/p>\n<p>\u201cSer\u00e3o apoiadas iniciativas que tenham por objetivo o enfrentamento ao racismo e suas mais diversas decorr\u00eancias sociais, tais como discrimina\u00e7\u00e3o, preconceito, criminaliza\u00e7\u00e3o, aus\u00eancia de perspectivas, viol\u00eancia, feminic\u00eddio e genoc\u00eddio\u201d, afirma Ma\u00edra Junqueira, coordenadora executiva adjunta do Fundo Brasil.<\/p>\n<p>Ao apoiar esse tipo de projeto, o Fundo Brasil fortalece organiza\u00e7\u00f5es e iniciativas que buscam transformar a realidade de desigualdades gritantes, comprovada em recentes pesquisas:<\/p>\n<ul>\n<li>De todas as pessoas assassinadas no Brasil em 2016, 71,5% eram negras (Atlas da Viol\u00eancia 2018, Ipea)<\/li>\n<li>De 2006 a 2016, o n\u00famero de negros v\u00edtimas de homic\u00eddio aumentou 23%, enquanto o de n\u00e3o-negros diminuiu 6,8% (Atlas da Viol\u00eancia 2018, Ipea)<\/li>\n<li>Entre 2003 e 2013, o n\u00famero de mulheres negras assassinadas cresceu 54% enquanto o \u00edndice de feminic\u00eddios de brancas caiu 10% (Mapa da Viol\u00eancia 2015, Faculdade Latino-Americana de Estudos Sociais)<\/li>\n<li>Mais da metade das 622 mil pessoas encarceradas no Brasil s\u00e3o negras (Infopen \u2013 Levantamento Nacional de Informa\u00e7\u00f5es Penitenci\u00e1rias)<\/li>\n<li>Em 2015, brasileiros brancos ganhavam em 2015 o dobro do que os negros (\u201cA dist\u00e2ncia que nos une \u2013 Um retrato das desigualdades brasileiras\u201d, Oxfam)<\/li>\n<\/ul>\n<p>\u201cH\u00e1 uma diversidade, radicalidade e uma quantidade muito significativa de iniciativas de resist\u00eancia ao racismo\u201d, comenta Douglas Belchior, consultor da funda\u00e7\u00e3o nos temas Justi\u00e7a Criminal, Viol\u00eancia de Estado e Encarceramento, que percorreu oito estados brasileiros para mapear os projetos que atuam no enfrentamento ao racismo. Para ele, essas iniciativas ganham ainda mais for\u00e7a a partir de apoios como o oferecido pelo edital, permitindo que organiza\u00e7\u00f5es e coletivos possam resistir e crescer.<\/p>\n<p><strong>Sobre o Fundo Brasil de Direito Humanos<\/strong><\/p>\n<p>O Fundo Brasil de Direitos Humanos \u00e9 uma organiza\u00e7\u00e3o independente, sem fins lucrativos e com a proposta inovadora de criar meios sustent\u00e1veis para destinar recursos a organiza\u00e7\u00f5es sociais que lutam pela defesa dos direitos humanos. A partir do apoio financeiro e t\u00e9cnico oferecido a essas organiza\u00e7\u00f5es, o Fundo Brasil viabiliza o desenvolvimento de projetos de defesa e promo\u00e7\u00e3o de direitos humanos em todas as regi\u00f5es do pa\u00eds, impactando positivamente no dia a dia de milhares de pessoas. Em atividade desde 2006, o Fundo j\u00e1 apoiou mais de 400 projetos.<\/p>\n","protected":false},"excerpt":{"rendered":"<p>Cada grupo selecionado receber\u00e1 at\u00e9 R$ 70 mil. Os selecionados ser\u00e3o divulgados at\u00e9 o dia 20 de novembro, Dia da Consci\u00eancia Negra As organiza\u00e7\u00f5es interessadas em apresentar projetos para o edital \u201cEnfrentando o racismo a partir da base: mobiliza\u00e7\u00e3o para defesa de direitos\u201d t\u00eam at\u00e9 o dia 31 de agosto para fazer a inscri\u00e7\u00e3o. O Fundo Brasil de Direitos Humanos [&hellip;]<\/p>\n","protected":false},"author":27,"featured_media":0,"comment_status":"open","ping_status":"closed","sticky":false,"template":"","format":"standard","meta":{"footnotes":""},"categories":[2719],"tags":[6574,13201,204,13199,5209,2860,13198,92,13202,11772,13197,2882,1929,2774,545,3974,101,1300,1979,13200,3645,4427,5510],"class_list":["post-10145","post","type-post","status-publish","format-standard","hentry","category-servidor","tag-assassinatos","tag-ciminalizacao","tag-combate","tag-dia-da-consciencia-negra","tag-direitos-humanos","tag-discriminacao","tag-divulgados","tag-edital","tag-encarcerados","tag-feminicidio","tag-fundo-brasil","tag-internet","tag-negra","tag-negro","tag-populacao","tag-preconceito","tag-projeto","tag-projetos","tag-racismo","tag-s-atividades","tag-selecao","tag-violencia","tag-vitimas"],"_links":{"self":[{"href":"https:\/\/blogs.correiobraziliense.com.br\/servidor\/wp-json\/wp\/v2\/posts\/10145","targetHints":{"allow":["GET"]}}],"collection":[{"href":"https:\/\/blogs.correiobraziliense.com.br\/servidor\/wp-json\/wp\/v2\/posts"}],"about":[{"href":"https:\/\/blogs.correiobraziliense.com.br\/servidor\/wp-json\/wp\/v2\/types\/post"}],"author":[{"embeddable":true,"href":"https:\/\/blogs.correiobraziliense.com.br\/servidor\/wp-json\/wp\/v2\/users\/27"}],"replies":[{"embeddable":true,"href":"https:\/\/blogs.correiobraziliense.com.br\/servidor\/wp-json\/wp\/v2\/comments?post=10145"}],"version-history":[{"count":1,"href":"https:\/\/blogs.correiobraziliense.com.br\/servidor\/wp-json\/wp\/v2\/posts\/10145\/revisions"}],"predecessor-version":[{"id":10146,"href":"https:\/\/blogs.correiobraziliense.com.br\/servidor\/wp-json\/wp\/v2\/posts\/10145\/revisions\/10146"}],"wp:attachment":[{"href":"https:\/\/blogs.correiobraziliense.com.br\/servidor\/wp-json\/wp\/v2\/media?parent=10145"}],"wp:term":[{"taxonomy":"category","embeddable":true,"href":"https:\/\/blogs.correiobraziliense.com.br\/servidor\/wp-json\/wp\/v2\/categories?post=10145"},{"taxonomy":"post_tag","embeddable":true,"href":"https:\/\/blogs.correiobraziliense.com.br\/servidor\/wp-json\/wp\/v2\/tags?post=10145"}],"curies":[{"name":"wp","href":"https:\/\/api.w.org\/{rel}","templated":true}]}}