{"id":10136,"date":"2018-08-22T16:45:19","date_gmt":"2018-08-22T19:45:19","guid":{"rendered":"https:\/\/blogs.correiobraziliense.com.br\/servidor\/?p=10136"},"modified":"2018-08-22T16:45:19","modified_gmt":"2018-08-22T19:45:19","slug":"alteracoes-na-composicao-do-colegiado-da-cvm","status":"publish","type":"post","link":"https:\/\/blogs.correiobraziliense.com.br\/servidor\/alteracoes-na-composicao-do-colegiado-da-cvm\/","title":{"rendered":"Altera\u00e7\u00f5es na composi\u00e7\u00e3o do Colegiado da CVM"},"content":{"rendered":"<p><em>Diretor Gustavo Borba deixar\u00e1 a Autarquia em 12 de setembro<\/em><\/p>\n<p>A Comiss\u00e3o de Valores Mobili\u00e1rios (CVM) comunica que, a partir de 12 de setembro de 2018, o diretor Gustavo Borba deixar\u00e1 de fazer parte do Colegiado da Autarquia. Borba renuncia ao cargo, ap\u00f3s mais de tr\u00eas anos de exerc\u00edcio da fun\u00e7\u00e3o, por motivos pessoais.<\/p>\n<p>De acordo com a legisla\u00e7\u00e3o em vigor, caber\u00e1 \u00e0 Presid\u00eancia da Rep\u00fablica o encaminhamento de mensagem ao Senado Federal com a indica\u00e7\u00e3o de nome para cumprir o restante do mandato do diretor, que expira em 31 de dezembro de 2019.<\/p>\n","protected":false},"excerpt":{"rendered":"<p>Diretor Gustavo Borba deixar\u00e1 a Autarquia em 12 de setembro A Comiss\u00e3o de Valores Mobili\u00e1rios (CVM) comunica que, a partir de 12 de setembro de 2018, o diretor Gustavo Borba deixar\u00e1 de fazer parte do Colegiado da Autarquia. Borba renuncia ao cargo, ap\u00f3s mais de tr\u00eas anos de exerc\u00edcio da fun\u00e7\u00e3o, por motivos pessoais. De acordo com a legisla\u00e7\u00e3o em [&hellip;]<\/p>\n","protected":false},"author":27,"featured_media":0,"comment_status":"open","ping_status":"closed","sticky":false,"template":"","format":"standard","meta":{"footnotes":""},"categories":[2719],"tags":[1321,300,2031,1567,215,2165,5026,765,2716,696],"class_list":["post-10136","post","type-post","status-publish","format-standard","hentry","category-servidor","tag-alteracoes","tag-cargo","tag-colegiado","tag-composicao","tag-cvm","tag-indicacao","tag-mandato","tag-presidencia-da-republica","tag-renuncia","tag-senado"],"_links":{"self":[{"href":"https:\/\/blogs.correiobraziliense.com.br\/servidor\/wp-json\/wp\/v2\/posts\/10136","targetHints":{"allow":["GET"]}}],"collection":[{"href":"https:\/\/blogs.correiobraziliense.com.br\/servidor\/wp-json\/wp\/v2\/posts"}],"about":[{"href":"https:\/\/blogs.correiobraziliense.com.br\/servidor\/wp-json\/wp\/v2\/types\/post"}],"author":[{"embeddable":true,"href":"https:\/\/blogs.correiobraziliense.com.br\/servidor\/wp-json\/wp\/v2\/users\/27"}],"replies":[{"embeddable":true,"href":"https:\/\/blogs.correiobraziliense.com.br\/servidor\/wp-json\/wp\/v2\/comments?post=10136"}],"version-history":[{"count":1,"href":"https:\/\/blogs.correiobraziliense.com.br\/servidor\/wp-json\/wp\/v2\/posts\/10136\/revisions"}],"predecessor-version":[{"id":10137,"href":"https:\/\/blogs.correiobraziliense.com.br\/servidor\/wp-json\/wp\/v2\/posts\/10136\/revisions\/10137"}],"wp:attachment":[{"href":"https:\/\/blogs.correiobraziliense.com.br\/servidor\/wp-json\/wp\/v2\/media?parent=10136"}],"wp:term":[{"taxonomy":"category","embeddable":true,"href":"https:\/\/blogs.correiobraziliense.com.br\/servidor\/wp-json\/wp\/v2\/categories?post=10136"},{"taxonomy":"post_tag","embeddable":true,"href":"https:\/\/blogs.correiobraziliense.com.br\/servidor\/wp-json\/wp\/v2\/tags?post=10136"}],"curies":[{"name":"wp","href":"https:\/\/api.w.org\/{rel}","templated":true}]}}