{"id":10132,"date":"2018-08-22T15:27:08","date_gmt":"2018-08-22T18:27:08","guid":{"rendered":"https:\/\/blogs.correiobraziliense.com.br\/servidor\/?p=10132"},"modified":"2018-08-22T15:27:08","modified_gmt":"2018-08-22T18:27:08","slug":"ministerio-abre-consulta-publica-sobre-futuro-do-trabalho","status":"publish","type":"post","link":"https:\/\/blogs.correiobraziliense.com.br\/servidor\/ministerio-abre-consulta-publica-sobre-futuro-do-trabalho\/","title":{"rendered":"Minist\u00e9rio abre consulta p\u00fablica sobre futuro do trabalho"},"content":{"rendered":"<p><i>E-mail foi criado para a popula\u00e7\u00e3o apresentar contribui\u00e7\u00f5es<\/i><\/p>\n<p>O Minist\u00e9rio do Trabalho criou o e-mail institucional <a href=\"mailto:futurodotrabalho@mte.gov.br\">futurodotrabalho@mte.gov.br<\/a> para receber contribui\u00e7\u00f5es dos brasileiros sobre o futuro do trabalho. Essa \u00e9 uma das iniciativas do Comit\u00ea de Estudos Avan\u00e7ados Sobre o Futuro do Trabalho, COM\u00a0 o objetivo de abrir di\u00e1logo direto com a popula\u00e7\u00e3o sobre o tema. O an\u00fancio foi feito pelo ministro do Trabalho, Caio Luiz de Almeida Vieira de Mello, durante reuni\u00e3o extraordin\u00e1ria do Conselho Nacional do Trabalho (CNT), ocorrida nesta quarta-feira (22).<\/p>\n<p>As propostas ser\u00e3o analisadas pelo comit\u00ea e o resultado, compilado para discuss\u00e3o junto ao CNT. De in\u00edcio, o minist\u00e9rio delimitou tr\u00eas assuntos que dever\u00e3o ser abordados: presen\u00e7a das novas tecnologias nas atividades econ\u00f4micas, impacto dessas tecnologias no mercado de trabalho e pol\u00edticas p\u00fablicas que promovam a inclus\u00e3o de trabalhadores no processo de transforma\u00e7\u00e3o.<\/p>\n<p>O e-mail institucional vai funcionar como ferramenta de consulta p\u00fablica e ser\u00e1 administrado pelo comit\u00ea, aberto para todos que queiram contribuir com conhecimentos qualificados sobre os assuntos. Al\u00e9m disso, ser\u00e3o realizadas quatro audi\u00eancias p\u00fablicas nas seguintes capitais: S\u00e3o Paulo, Recife, Florian\u00f3polis e Bel\u00e9m.<\/p>\n<p>Em rela\u00e7\u00e3o \u00e0 composi\u00e7\u00e3o do comit\u00ea, hoje formado por 10 integrantes, o ministro atendeu a reivindica\u00e7\u00f5es das centrais sindicais e ir\u00e1 ampliar o colegiado com mais tr\u00eas representantes dos trabalhadores e tr\u00eas dos empregadores. Durante a reuni\u00e3o do CNT, as bancadas que representam patr\u00f5es e empregados foram un\u00e2nimes sobre o comit\u00ea ser o ambiente adequado para as discuss\u00f5es sobre o futuro do trabalho.<\/p>\n","protected":false},"excerpt":{"rendered":"<p>E-mail foi criado para a popula\u00e7\u00e3o apresentar contribui\u00e7\u00f5es O Minist\u00e9rio do Trabalho criou o e-mail institucional futurodotrabalho@mte.gov.br para receber contribui\u00e7\u00f5es dos brasileiros sobre o futuro do trabalho. Essa \u00e9 uma das iniciativas do Comit\u00ea de Estudos Avan\u00e7ados Sobre o Futuro do Trabalho, COM\u00a0 o objetivo de abrir di\u00e1logo direto com a popula\u00e7\u00e3o sobre o tema. O an\u00fancio foi feito pelo [&hellip;]<\/p>\n","protected":false},"author":27,"featured_media":0,"comment_status":"open","ping_status":"closed","sticky":false,"template":"","format":"standard","meta":{"footnotes":""},"categories":[2719],"tags":[463,6276,1422,2488,6955,367,1200,833,6277,2138,2841,10851,545,147,3426,19],"class_list":["post-10132","post","type-post","status-publish","format-standard","hentry","category-servidor","tag-atividades","tag-cnt","tag-consulta","tag-contribuicoes","tag-e-mail","tag-economica","tag-futuro","tag-impacto","tag-inclusao","tag-institucional","tag-ministerio-do-trabalho","tag-politicas-publicas","tag-populacao","tag-publica","tag-tecnologias","tag-trabalhadores"],"_links":{"self":[{"href":"https:\/\/blogs.correiobraziliense.com.br\/servidor\/wp-json\/wp\/v2\/posts\/10132","targetHints":{"allow":["GET"]}}],"collection":[{"href":"https:\/\/blogs.correiobraziliense.com.br\/servidor\/wp-json\/wp\/v2\/posts"}],"about":[{"href":"https:\/\/blogs.correiobraziliense.com.br\/servidor\/wp-json\/wp\/v2\/types\/post"}],"author":[{"embeddable":true,"href":"https:\/\/blogs.correiobraziliense.com.br\/servidor\/wp-json\/wp\/v2\/users\/27"}],"replies":[{"embeddable":true,"href":"https:\/\/blogs.correiobraziliense.com.br\/servidor\/wp-json\/wp\/v2\/comments?post=10132"}],"version-history":[{"count":1,"href":"https:\/\/blogs.correiobraziliense.com.br\/servidor\/wp-json\/wp\/v2\/posts\/10132\/revisions"}],"predecessor-version":[{"id":10133,"href":"https:\/\/blogs.correiobraziliense.com.br\/servidor\/wp-json\/wp\/v2\/posts\/10132\/revisions\/10133"}],"wp:attachment":[{"href":"https:\/\/blogs.correiobraziliense.com.br\/servidor\/wp-json\/wp\/v2\/media?parent=10132"}],"wp:term":[{"taxonomy":"category","embeddable":true,"href":"https:\/\/blogs.correiobraziliense.com.br\/servidor\/wp-json\/wp\/v2\/categories?post=10132"},{"taxonomy":"post_tag","embeddable":true,"href":"https:\/\/blogs.correiobraziliense.com.br\/servidor\/wp-json\/wp\/v2\/tags?post=10132"}],"curies":[{"name":"wp","href":"https:\/\/api.w.org\/{rel}","templated":true}]}}