{"id":10114,"date":"2018-08-20T18:25:34","date_gmt":"2018-08-20T21:25:34","guid":{"rendered":"https:\/\/blogs.correiobraziliense.com.br\/servidor\/?p=10114"},"modified":"2018-08-20T18:25:34","modified_gmt":"2018-08-20T21:25:34","slug":"carmen-lucia-destaca-acoes-do-cnj-na-defesa-das-mulheres","status":"publish","type":"post","link":"https:\/\/blogs.correiobraziliense.com.br\/servidor\/carmen-lucia-destaca-acoes-do-cnj-na-defesa-das-mulheres\/","title":{"rendered":"C\u00e1rmen L\u00facia destaca a\u00e7\u00f5es do CNJ na defesa das mulheres"},"content":{"rendered":"<p>A pouco menos de um m\u00eas do final de seu mandato como presidente do Conselho Nacional de Justi\u00e7a (CNJ) e do Supremo Tribunal Federal (STF), ministra C\u00e1rmen L\u00facia, enumerou os avan\u00e7os da Justi\u00e7a na defesa da mulher e contra a viol\u00eancia dom\u00e9stica durante a sua gest\u00e3o. \u201cNos \u00faltimos tempos, instauramos efetivamente a campanha Justi\u00e7a pela Paz em Casa, convocamos os presidentes dos tribunais de justi\u00e7a para conscientizar as mulheres de seus direitos, fizemos a Jornada da Lei Maria da Penha e outros. As mulheres n\u00e3o t\u00eam o h\u00e1bito de divulgar o que fazem. N\u00f3s fazemos para transformar, seja qual for o g\u00eanero\u201d, afirmou.<\/p>\n<p>A ministra participou da abertura do semin\u00e1rio Elas por Elas, sobre a mulher no poder estatal e na sociedade, realizado nesta segunda-feira (20\/8), na Sala de Sess\u00f5es da Segunda Turma do STF. Ela lembrou ainda que em sua gest\u00e3o foram institucionalizadas as Diretrizes Nacionais sobre Feminic\u00eddio, estabelecidas pelas Na\u00e7\u00f5es Unidas (ONU Mulheres) e ratificado pelo governo brasileiro. As Diretrizes s\u00e3o elaboradas durante a <a href=\"http:\/\/www.cnj.jus.br\/programas-e-acoes\/lei-maria-da-penha\/edicoes\" target=\"_blank\" rel=\"alternate noopener\">Jornada Maria da Penha<\/a>. \u201cA Jornada Maria da Penha deu ao Poder Judici\u00e1rio a capacidade de criar metas para cumprir o que \u00e9 de sua atribui\u00e7\u00e3o e, assim, dando uma resposta jurisdicional pronta \u00e0 aplica\u00e7\u00e3o da Lei\u201d, lembrou a ministra.<\/p>\n<p>Durante o encontro desta segunda-feira, C\u00e1rmen L\u00facia citou ainda o trabalho feito com as mulheres presas, com a cria\u00e7\u00e3o do <a href=\"https:\/\/paineis.cnj.jus.br\/QvAJAXZfc\/opendoc.htm?document=qvw_l%5Cpainelcnj.qvw&amp;host=QVS%40neodimio03&amp;anonymous=true&amp;sheet=shIGLMapa\" target=\"_blank\" rel=\"alternate noopener\">Cadastro Nacional das Presas Gr\u00e1vidas e Lactantes<\/a>. \u201cNos \u00faltimos anos fizemos uma apura\u00e7\u00e3o de quantas mulheres estavam presas, quantas eram gr\u00e1vidas, quantas lactantes e em quais condi\u00e7\u00f5es estavam. Andamos pelos 22 estados da Federa\u00e7\u00e3o e hoje temos todas as informa\u00e7\u00f5es\u201d.<\/p>\n<p>Em seu discurso de abertura, a ministra refor\u00e7ou que, exatamente nesta semana, os principais cargos de comando do Judici\u00e1rio est\u00e3o ocupados por mulheres. \u201cSe somos a maioria da popula\u00e7\u00e3o, \u00e9 estranho n\u00e3o sermos respeitadas na nossa dignidade humana, na nossa ess\u00eancia e individualidade\u201d, enfatizou a presidente do CNJ e do STF.<\/p>\n<h4><strong>Semin\u00e1rio<\/strong><\/h4>\n<p>O objetivo do semin\u00e1rio Elas por Elas \u00e9 debater o avan\u00e7o das conquistas de g\u00eanero e o que ainda resta a fazer. \u201cOs \u00faltimos dias foram intensos em not\u00edcias de feminic\u00eddio. O n\u00famero de estupros tamb\u00e9m aumentou. N\u00e3o sabemos ainda se foi a viol\u00eancia que cresceu ou se foi a incid\u00eancia de registros. O que temos certeza \u00e9 que o sil\u00eancio est\u00e1 sendo rompido. E o nosso trabalho na Justi\u00e7a \u00e9 fazer com que as mulheres saibam que a vergonha n\u00e3o \u00e9 delas\u201d, enfatizou C\u00e1rmen L\u00facia.<\/p>\n<p>O evento come\u00e7ou pela manh\u00e3 e foi dividido em duas partes.<\/p>\n<p>O primeiro painel teve a participa\u00e7\u00e3o da presidente do Tribunal Superior Eleitoral (TSE), ministra Rosa Weber; da presidente do Superior Tribunal de Justi\u00e7a (STJ), ministra Laurita Vaz; da procuradora-geral da Rep\u00fablica, Raquel Dodge; da advogada-geral da Uni\u00e3o, Grace Mendon\u00e7a; e da procuradora-geral junto ao Tribunal de Contas da Uni\u00e3o (TCU), Cristina Machado.<\/p>\n<p>O segundo painel abordou o tema \u2018A mulher e o poder na sociedade\u2019 e contou com as presen\u00e7as da presidente da Rede Magazine Luiza, Luiza Helena Trajano; da presidente do grupo financeiro Goldman Sachs, Maria Silvia Bastos; da presidente da Rede Sarah de Hospitais, Lucia Braga; da primeira-secret\u00e1ria da Academia Brasileira de Letras, Ana Maria Machado; da cantora Alcione, e da s\u00f3cia-fundadora da consultoria empresarial Bet\u00e2nia Tanure Associados, Bet\u00e2nia Tanure.<\/p>\n","protected":false},"excerpt":{"rendered":"<p>A pouco menos de um m\u00eas do final de seu mandato como presidente do Conselho Nacional de Justi\u00e7a (CNJ) e do Supremo Tribunal Federal (STF), ministra C\u00e1rmen L\u00facia, enumerou os avan\u00e7os da Justi\u00e7a na defesa da mulher e contra a viol\u00eancia dom\u00e9stica durante a sua gest\u00e3o. \u201cNos \u00faltimos tempos, instauramos efetivamente a campanha Justi\u00e7a pela Paz em Casa, convocamos os [&hellip;]<\/p>\n","protected":false},"author":27,"featured_media":0,"comment_status":"open","ping_status":"closed","sticky":false,"template":"","format":"standard","meta":{"footnotes":""},"categories":[2719],"tags":[203,4805,1458,5175,4182,254,1201,13170,2523,11772,13171,260,5026,2045,1263,3621,351,34],"class_list":["post-10114","post","type-post","status-publish","format-standard","hentry","category-servidor","tag-acoes","tag-aplicacao","tag-apuracao","tag-avancos","tag-carmen-lucia","tag-cnj","tag-defesa","tag-elas-por-elas","tag-estatal","tag-feminicidio","tag-jornada-maria-da-penha","tag-justica","tag-mandato","tag-metas","tag-mulheres","tag-onu","tag-sociedade","tag-stf"],"_links":{"self":[{"href":"https:\/\/blogs.correiobraziliense.com.br\/servidor\/wp-json\/wp\/v2\/posts\/10114","targetHints":{"allow":["GET"]}}],"collection":[{"href":"https:\/\/blogs.correiobraziliense.com.br\/servidor\/wp-json\/wp\/v2\/posts"}],"about":[{"href":"https:\/\/blogs.correiobraziliense.com.br\/servidor\/wp-json\/wp\/v2\/types\/post"}],"author":[{"embeddable":true,"href":"https:\/\/blogs.correiobraziliense.com.br\/servidor\/wp-json\/wp\/v2\/users\/27"}],"replies":[{"embeddable":true,"href":"https:\/\/blogs.correiobraziliense.com.br\/servidor\/wp-json\/wp\/v2\/comments?post=10114"}],"version-history":[{"count":1,"href":"https:\/\/blogs.correiobraziliense.com.br\/servidor\/wp-json\/wp\/v2\/posts\/10114\/revisions"}],"predecessor-version":[{"id":10115,"href":"https:\/\/blogs.correiobraziliense.com.br\/servidor\/wp-json\/wp\/v2\/posts\/10114\/revisions\/10115"}],"wp:attachment":[{"href":"https:\/\/blogs.correiobraziliense.com.br\/servidor\/wp-json\/wp\/v2\/media?parent=10114"}],"wp:term":[{"taxonomy":"category","embeddable":true,"href":"https:\/\/blogs.correiobraziliense.com.br\/servidor\/wp-json\/wp\/v2\/categories?post=10114"},{"taxonomy":"post_tag","embeddable":true,"href":"https:\/\/blogs.correiobraziliense.com.br\/servidor\/wp-json\/wp\/v2\/tags?post=10114"}],"curies":[{"name":"wp","href":"https:\/\/api.w.org\/{rel}","templated":true}]}}