{"id":10094,"date":"2018-08-20T14:24:35","date_gmt":"2018-08-20T17:24:35","guid":{"rendered":"https:\/\/blogs.correiobraziliense.com.br\/servidor\/?p=10094"},"modified":"2018-08-20T14:24:35","modified_gmt":"2018-08-20T17:24:35","slug":"audiotes-da-receita-em-greve-fazem-assembleia-na-quinta-feira","status":"publish","type":"post","link":"https:\/\/blogs.correiobraziliense.com.br\/servidor\/audiotes-da-receita-em-greve-fazem-assembleia-na-quinta-feira\/","title":{"rendered":"Auditores da Receita, em greve, fazem assembleia na quinta-feira"},"content":{"rendered":"<p><em>A Diretoria Executiva Nacional do Sindicato Nacional dos Auditores da Receita) convoca os filiados para a assembleia aacional, na quinta-feira (23\/8). Entre os itens da pauta est\u00e3o os itens debatidos e aprovados no Conselho de Delegados Sindicai), de 14 a 16 de agosto. Tamb\u00e9m est\u00e1 previsto que a categoria fa\u00e7a an\u00e1lise de conjuntura e debata outros assuntos gerais<\/em><\/p>\n<p>Desde 2016, a categoria faz movimentos pontuais para exigir do governo que cumpra o acordo salarial assinado em 2016 e regulamente o b\u00f4nus de efici\u00eancia &#8211; um extra de R$ 3 mil, al\u00e9m dos sal\u00e1rios. A press\u00e3o come\u00e7ou \u00e0 \u00e9poca em que Dyogo Oliveira era ministro do Planejamento, e continua agora com Eduardo Guardia. &#8220;A falta de credibilidade da administra\u00e7\u00e3o da Receita Federal com os Auditores Fiscais j\u00e1 era conhecida h\u00e1 muito tempo. Agora, a falta de credibilidade do ministro Guardia tamb\u00e9m j\u00e1 \u00e9 uma realidade. Definitivamente, a Receita Federal j\u00e1 viveu dias melhores&#8221;, afirma o<br \/>\nSindifisco.<\/p>\n<p>Veja nota recentemente divulgada pelo Sindifisco:<\/p>\n<p>&#8220;Solu\u00e7\u00e3o para a normalidade: Guardia, cumpra sua palavra!<\/p>\n<p>Outrora um \u00f3rg\u00e3o respeitado pela sua miss\u00e3o e pelos resultados apresentados, h\u00e1 dois anos a Receita Federal caminha, dia ap\u00f3s dia, num calv\u00e1rio sem precedentes na sua hist\u00f3ria. Desde mar\u00e7o de 2016, ap\u00f3s a assinatura do acordo salarial, a Receita Federal virou um retrato do que uma gest\u00e3o marcada pela inefici\u00eancia pode fazer: descompromissada com o fortalecimento do \u00f3rg\u00e3o, leniente com a perda do prest\u00edgio e \u201cesquecida\u201d dos compromissos que assume.<\/p>\n<p>At\u00e9 bem pouco tempo, a Receita Federal era reconhecida como \u00f3rg\u00e3o de excel\u00eancia pelos governos e pela sociedade. O \u00f3rg\u00e3o ditava a pol\u00edtica tribut\u00e1ria do pa\u00eds, era respeitado no Congresso. A palavra de um secret\u00e1rio tinha peso importante, e era ouvida em toda a Esplanada. Ministros da Fazenda defendiam publicamente o \u00f3rg\u00e3o, reconheciam a sua import\u00e2ncia, e n\u00e3o se esquivavam da responsabilidade de cumprir aquilo que prometiam. Bons tempos aqueles!<\/p>\n<p>Hoje vemos o \u00f3rg\u00e3o respons\u00e1vel pela arrecada\u00e7\u00e3o do pa\u00eds cada vez mais parecido com uma casa em ru\u00ednas. Sobram desmotiva\u00e7\u00e3o, indigna\u00e7\u00e3o, revolta. N\u00e3o \u00e9 mera coincid\u00eancia quando se observa, h\u00e1 meses, que a administra\u00e7\u00e3o da Casa faz \u201ct\u00e1bula rasa\u201d de um acordo que ela mesma assinou em mar\u00e7o de 2016. Ora, se o secret\u00e1rio assina um acordo e n\u00e3o o cumpre, ou n\u00e3o assume uma postura de defesa da Casa e do seu corpo funcional, o que se pode esperar?<\/p>\n<p>O que dizer, ent\u00e3o, quando um ministro da Fazenda, h\u00e1 quatro meses, se re\u00fane com essa mesma administra\u00e7\u00e3o, empenha sua palavra na solu\u00e7\u00e3o de algo que afeta diretamente o \u00f3rg\u00e3o respons\u00e1vel pelo combate \u00e0 sonega\u00e7\u00e3o e a corrup\u00e7\u00e3o junto com o Minist\u00e9rio P\u00fablico e a Pol\u00edcia Federal, e simplesmente \u201csome\u201d, n\u00e3o recebe os Auditores Fiscais, n\u00e3o d\u00e1 a m\u00ednima satisfa\u00e7\u00e3o nem \u00e0 Casa nem mesmo aos administradores aos quais empenhou sua palavra?<\/p>\n<p>E onde est\u00e3o esses mesmos administradores nesse momento? Encolhidos? Por que n\u00e3o cobram diretamente aos seus superiores, e ao ministro, aquilo que lhes foi prometido h\u00e1 quatro meses? Ou ser\u00e1 que n\u00e3o prestaram concurso para o cargo de Auditor? Ca\u00edram de paraquedas como administradores?<\/p>\n<p>A falta de credibilidade da administra\u00e7\u00e3o da Receita Federal com os Auditores Fiscais j\u00e1 era conhecida h\u00e1 muito tempo. Agora, a falta de credibilidade do ministro Guardia tamb\u00e9m j\u00e1 \u00e9 uma realidade. Definitivamente, a Receita Federal j\u00e1 viveu dias melhores.<\/p>\n<p>Senhor ministro Eduardo Guardia, ainda h\u00e1 tempo: cumpra com sua palavra, e resgate a Receita Federal para a normalidade!&#8221;<\/p>\n","protected":false},"excerpt":{"rendered":"<p>A Diretoria Executiva Nacional do Sindicato Nacional dos Auditores da Receita) convoca os filiados para a assembleia aacional, na quinta-feira (23\/8). Entre os itens da pauta est\u00e3o os itens debatidos e aprovados no Conselho de Delegados Sindicai), de 14 a 16 de agosto. Tamb\u00e9m est\u00e1 previsto que a categoria fa\u00e7a an\u00e1lise de conjuntura e debata outros assuntos gerais Desde 2016, [&hellip;]<\/p>\n","protected":false},"author":27,"featured_media":0,"comment_status":"open","ping_status":"closed","sticky":false,"template":"","format":"standard","meta":{"footnotes":""},"categories":[2719],"tags":[3852,518,12708,1468,255,2352,98,15,13159,141,1042,294,30],"class_list":["post-10094","post","type-post","status-publish","format-standard","hentry","category-servidor","tag-acordo-salarial","tag-assembleia","tag-audiotes-fiscais","tag-bonus-de-eficiencia","tag-convoca","tag-credibilidade","tag-governo","tag-greve","tag-lpauta","tag-ministerio-do-planejamento","tag-movimentos","tag-receita-federal","tag-salarios"],"_links":{"self":[{"href":"https:\/\/blogs.correiobraziliense.com.br\/servidor\/wp-json\/wp\/v2\/posts\/10094","targetHints":{"allow":["GET"]}}],"collection":[{"href":"https:\/\/blogs.correiobraziliense.com.br\/servidor\/wp-json\/wp\/v2\/posts"}],"about":[{"href":"https:\/\/blogs.correiobraziliense.com.br\/servidor\/wp-json\/wp\/v2\/types\/post"}],"author":[{"embeddable":true,"href":"https:\/\/blogs.correiobraziliense.com.br\/servidor\/wp-json\/wp\/v2\/users\/27"}],"replies":[{"embeddable":true,"href":"https:\/\/blogs.correiobraziliense.com.br\/servidor\/wp-json\/wp\/v2\/comments?post=10094"}],"version-history":[{"count":1,"href":"https:\/\/blogs.correiobraziliense.com.br\/servidor\/wp-json\/wp\/v2\/posts\/10094\/revisions"}],"predecessor-version":[{"id":10095,"href":"https:\/\/blogs.correiobraziliense.com.br\/servidor\/wp-json\/wp\/v2\/posts\/10094\/revisions\/10095"}],"wp:attachment":[{"href":"https:\/\/blogs.correiobraziliense.com.br\/servidor\/wp-json\/wp\/v2\/media?parent=10094"}],"wp:term":[{"taxonomy":"category","embeddable":true,"href":"https:\/\/blogs.correiobraziliense.com.br\/servidor\/wp-json\/wp\/v2\/categories?post=10094"},{"taxonomy":"post_tag","embeddable":true,"href":"https:\/\/blogs.correiobraziliense.com.br\/servidor\/wp-json\/wp\/v2\/tags?post=10094"}],"curies":[{"name":"wp","href":"https:\/\/api.w.org\/{rel}","templated":true}]}}