{"id":10092,"date":"2018-08-20T14:07:05","date_gmt":"2018-08-20T17:07:05","guid":{"rendered":"https:\/\/blogs.correiobraziliense.com.br\/servidor\/?p=10092"},"modified":"2018-08-20T14:07:05","modified_gmt":"2018-08-20T17:07:05","slug":"pesquisa-aponta-grau-de-insatisfacao-na-pf","status":"publish","type":"post","link":"https:\/\/blogs.correiobraziliense.com.br\/servidor\/pesquisa-aponta-grau-de-insatisfacao-na-pf\/","title":{"rendered":"Pesquisa aponta grau de insatisfa\u00e7\u00e3o na PF"},"content":{"rendered":"<p><em>A Associa\u00e7\u00e3o Nacional dos Escriv\u00e3es de Pol\u00edcia Federal divulga a todos os seus associados o Relat\u00f3rio Final da Enquete 0001\/2018-ANEPF<\/em><\/p>\n<p>Veja as principais conclus\u00f5es:<\/p>\n<p>&#8211; 99% dos respondentes \u00e9 favor\u00e1vel \u00e0 unifica\u00e7\u00e3o dos cargos de agente e escriv\u00e3o da Pol\u00edcia Federal.<\/p>\n<p>&#8211; 95% dos respondentes sentem-se infelizes e subutilizados com as atuais atribui\u00e7\u00f5es do escriv\u00e3o de Pol\u00edcia Federal, sendo que 81% se sentem assim em grande parte do tempo\u200b.<\/p>\n<p>&#8211; 99%\u200b dos respondentes encontram-se insatisfeitos com rotinas, atribui\u00e7\u00f5es,\u200b e desejariam tamb\u00e9m que este aumento na complexidade m\u00e9dia das atividades, fruto da unifica\u00e7\u00e3o APF\/EPF e em paralelo com a transfer\u00eancia das rotinas menos complexas para um outro cargo de n\u00edvel m\u00e9dio fosse refletido no aumento do subs\u00eddio\u200b para os reais patamares de n\u00edvel superior.<\/p>\n<p>Para mais detalhes: https:\/\/www.facebook.com\/ANEPF\/posts\/2256921751260765<\/p>\n<p>&nbsp;<\/p>\n","protected":false},"excerpt":{"rendered":"<p>A Associa\u00e7\u00e3o Nacional dos Escriv\u00e3es de Pol\u00edcia Federal divulga a todos os seus associados o Relat\u00f3rio Final da Enquete 0001\/2018-ANEPF Veja as principais conclus\u00f5es: &#8211; 99% dos respondentes \u00e9 favor\u00e1vel \u00e0 unifica\u00e7\u00e3o dos cargos de agente e escriv\u00e3o da Pol\u00edcia Federal. &#8211; 95% dos respondentes sentem-se infelizes e subutilizados com as atuais atribui\u00e7\u00f5es do escriv\u00e3o de Pol\u00edcia Federal, sendo que [&hellip;]<\/p>\n","protected":false},"author":27,"featured_media":0,"comment_status":"open","ping_status":"closed","sticky":false,"template":"","format":"standard","meta":{"footnotes":""},"categories":[2719],"tags":[229,13156,1315,5697,13157,594,13052,187,319,4031,926,13158,159],"class_list":["post-10092","post","type-post","status-publish","format-standard","hentry","category-servidor","tag-agentes","tag-anepf","tag-atribuicoes","tag-complexidade","tag-infelizes","tag-insatisfeitos","tag-insatistacao","tag-pesquisa","tag-pf","tag-relatorio","tag-rotinas","tag-trasnferencia","tag-unificacao"],"_links":{"self":[{"href":"https:\/\/blogs.correiobraziliense.com.br\/servidor\/wp-json\/wp\/v2\/posts\/10092","targetHints":{"allow":["GET"]}}],"collection":[{"href":"https:\/\/blogs.correiobraziliense.com.br\/servidor\/wp-json\/wp\/v2\/posts"}],"about":[{"href":"https:\/\/blogs.correiobraziliense.com.br\/servidor\/wp-json\/wp\/v2\/types\/post"}],"author":[{"embeddable":true,"href":"https:\/\/blogs.correiobraziliense.com.br\/servidor\/wp-json\/wp\/v2\/users\/27"}],"replies":[{"embeddable":true,"href":"https:\/\/blogs.correiobraziliense.com.br\/servidor\/wp-json\/wp\/v2\/comments?post=10092"}],"version-history":[{"count":1,"href":"https:\/\/blogs.correiobraziliense.com.br\/servidor\/wp-json\/wp\/v2\/posts\/10092\/revisions"}],"predecessor-version":[{"id":10093,"href":"https:\/\/blogs.correiobraziliense.com.br\/servidor\/wp-json\/wp\/v2\/posts\/10092\/revisions\/10093"}],"wp:attachment":[{"href":"https:\/\/blogs.correiobraziliense.com.br\/servidor\/wp-json\/wp\/v2\/media?parent=10092"}],"wp:term":[{"taxonomy":"category","embeddable":true,"href":"https:\/\/blogs.correiobraziliense.com.br\/servidor\/wp-json\/wp\/v2\/categories?post=10092"},{"taxonomy":"post_tag","embeddable":true,"href":"https:\/\/blogs.correiobraziliense.com.br\/servidor\/wp-json\/wp\/v2\/tags?post=10092"}],"curies":[{"name":"wp","href":"https:\/\/api.w.org\/{rel}","templated":true}]}}