{"id":10084,"date":"2018-08-17T20:19:57","date_gmt":"2018-08-17T23:19:57","guid":{"rendered":"https:\/\/blogs.correiobraziliense.com.br\/servidor\/?p=10084"},"modified":"2018-08-17T20:19:57","modified_gmt":"2018-08-17T23:19:57","slug":"funcionarios-da-funai-fazem-campanha-para-fortalecimento-do-quadro-de-pessoal","status":"publish","type":"post","link":"https:\/\/blogs.correiobraziliense.com.br\/servidor\/funcionarios-da-funai-fazem-campanha-para-fortalecimento-do-quadro-de-pessoal\/","title":{"rendered":"Funcion\u00e1rios da Funai fazem campanha para fortalecimento do quadro de pessoal"},"content":{"rendered":"<p><em>Um grupo de servidores da Funda\u00e7\u00e3o Nacional do \u00cdndio (Funai) fez gest\u00f5es nesta sexta-feira (17), em Bras\u00edlia, com o objetivo de pedir \u00e0s autoridades a recomposi\u00e7\u00e3o do quadro de funcion\u00e1rios do \u00f3rg\u00e3o. A for\u00e7a de trabalho da autarquia \u00e9 de apenas 30%, sendo que 60% deles est\u00e3o aptos a se aposentar at\u00e9 2020<\/em><\/p>\n<p><img loading=\"lazy\" decoding=\"async\" class=\"size-full wp-image-10085 alignright\" src=\"https:\/\/blogs.correiobraziliense.com.br\/servidor\/wp-content\/uploads\/sites\/10\/2018\/08\/funai.jpg\" alt=\"funai\" width=\"640\" height=\"640\" srcset=\"https:\/\/blogs.correiobraziliense.com.br\/servidor\/wp-content\/uploads\/sites\/10\/2018\/08\/funai.jpg 640w, https:\/\/blogs.correiobraziliense.com.br\/servidor\/wp-content\/uploads\/sites\/10\/2018\/08\/funai-150x150.jpg 150w, https:\/\/blogs.correiobraziliense.com.br\/servidor\/wp-content\/uploads\/sites\/10\/2018\/08\/funai-300x300.jpg 300w, https:\/\/blogs.correiobraziliense.com.br\/servidor\/wp-content\/uploads\/sites\/10\/2018\/08\/funai-350x350.jpg 350w, https:\/\/blogs.correiobraziliense.com.br\/servidor\/wp-content\/uploads\/sites\/10\/2018\/08\/funai-550x550.jpg 550w, https:\/\/blogs.correiobraziliense.com.br\/servidor\/wp-content\/uploads\/sites\/10\/2018\/08\/funai-230x230.jpg 230w\" sizes=\"auto, (max-width: 640px) 100vw, 640px\" \/><\/p>\n<p>Membros da Indigenistas Associados (INA), entidade que re\u00fane funcion\u00e1rios da Funai, ir\u00e3o ao Minist\u00e9rio do Planejamento, Desenvolvimento e Gest\u00e3o (MPDG) para ter informa\u00e7\u00f5es sobre o pedido feito em julho para que sejam nomeados candidato aprovados e n\u00e3o convocados no \u00faltimo concurso, de 2016. Tamb\u00e9m se reunir\u00e3o com a presid\u00eancia da Funai para tratar do tema.<\/p>\n<p>Segundo dados da Funai, a autarquia tem 5.584 cargos aprovados pelo MPDG e somente 2.078 cargos ocupados (esse n\u00famero decresce a cada dia, pois mensalmente diversos servidores se aposentam). Isso significa que a for\u00e7a de trabalho da autarquia \u00e9 de apenas 30%, sendo que 60% deles est\u00e3o aptos a se aposentar at\u00e9 2020.<\/p>\n<p>A Funai \u00e9 respons\u00e1vel por coordenar a pol\u00edtica indigenista brasileira, atuando em quase 600 terras ind\u00edgenas num territ\u00f3rio de mais de 117 milh\u00f5es de hectares, que representa cerca de 13% do territ\u00f3rio nacional. Os servidores da Funai est\u00e3o distribu\u00eddos em mais de 180 munic\u00edpios, em 26 unidades da Federa\u00e7\u00e3o e atendem a uma popula\u00e7\u00e3o ind\u00edgena de quase 900 mil pessoas, agrupadas em mais de 300 etnias e falantes de mais de 270 l\u00ednguas diferentes.<\/p>\n<p>A Funai foi criada em 1967, em substitui\u00e7\u00e3o do Servi\u00e7o de Prote\u00e7\u00e3o aos \u00cdndios. Nos \u00faltimos 30 anos, a Funai s\u00f3 realizou 3 concursos p\u00fablicos para o quadro permanente, com 70 vagas em 2004, 637 vagas em 2010, e 220 vagas em 2016. Em 2009, a Lei 11.907 criou 600 cargos de Indigenista Especializado, mas at\u00e9 hoje esses cargos ainda n\u00e3o foram totalmente providos<\/p>\n","protected":false},"excerpt":{"rendered":"<p>Um grupo de servidores da Funda\u00e7\u00e3o Nacional do \u00cdndio (Funai) fez gest\u00f5es nesta sexta-feira (17), em Bras\u00edlia, com o objetivo de pedir \u00e0s autoridades a recomposi\u00e7\u00e3o do quadro de funcion\u00e1rios do \u00f3rg\u00e3o. A for\u00e7a de trabalho da autarquia \u00e9 de apenas 30%, sendo que 60% deles est\u00e3o aptos a se aposentar at\u00e9 2020 Membros da Indigenistas Associados (INA), entidade que [&hellip;]<\/p>\n","protected":false},"author":27,"featured_media":0,"comment_status":"open","ping_status":"closed","sticky":false,"template":"","format":"standard","meta":{"footnotes":""},"categories":[2719],"tags":[4855,5662,1935,305,790,1352,1341,3309,13154,141,1153,1816,1931],"class_list":["post-10084","post","type-post","status-publish","format-standard","hentry","category-servidor","tag-aposentar","tag-autarquia","tag-autoridades","tag-campanha","tag-fortalecimento","tag-funai","tag-funcionarios","tag-grupo","tag-ins","tag-ministerio-do-planejamento","tag-pessoal","tag-quadro","tag-recomposicao"],"_links":{"self":[{"href":"https:\/\/blogs.correiobraziliense.com.br\/servidor\/wp-json\/wp\/v2\/posts\/10084","targetHints":{"allow":["GET"]}}],"collection":[{"href":"https:\/\/blogs.correiobraziliense.com.br\/servidor\/wp-json\/wp\/v2\/posts"}],"about":[{"href":"https:\/\/blogs.correiobraziliense.com.br\/servidor\/wp-json\/wp\/v2\/types\/post"}],"author":[{"embeddable":true,"href":"https:\/\/blogs.correiobraziliense.com.br\/servidor\/wp-json\/wp\/v2\/users\/27"}],"replies":[{"embeddable":true,"href":"https:\/\/blogs.correiobraziliense.com.br\/servidor\/wp-json\/wp\/v2\/comments?post=10084"}],"version-history":[{"count":1,"href":"https:\/\/blogs.correiobraziliense.com.br\/servidor\/wp-json\/wp\/v2\/posts\/10084\/revisions"}],"predecessor-version":[{"id":10086,"href":"https:\/\/blogs.correiobraziliense.com.br\/servidor\/wp-json\/wp\/v2\/posts\/10084\/revisions\/10086"}],"wp:attachment":[{"href":"https:\/\/blogs.correiobraziliense.com.br\/servidor\/wp-json\/wp\/v2\/media?parent=10084"}],"wp:term":[{"taxonomy":"category","embeddable":true,"href":"https:\/\/blogs.correiobraziliense.com.br\/servidor\/wp-json\/wp\/v2\/categories?post=10084"},{"taxonomy":"post_tag","embeddable":true,"href":"https:\/\/blogs.correiobraziliense.com.br\/servidor\/wp-json\/wp\/v2\/tags?post=10084"}],"curies":[{"name":"wp","href":"https:\/\/api.w.org\/{rel}","templated":true}]}}