{"id":1007,"date":"2016-02-17T12:44:41","date_gmt":"2016-02-17T14:44:41","guid":{"rendered":"https:\/\/blogs.correiobraziliense.com.br\/servidor\/?p=1007"},"modified":"2016-02-17T12:47:40","modified_gmt":"2016-02-17T14:47:40","slug":"medicos-peritos-do-inss-fecham-acordo-com-o-governo","status":"publish","type":"post","link":"https:\/\/blogs.correiobraziliense.com.br\/servidor\/medicos-peritos-do-inss-fecham-acordo-com-o-governo\/","title":{"rendered":"M\u00c9DICOS PERITOS DO INSS FECHAM ACORDO COM O GOVERNO"},"content":{"rendered":"<p><em>Ag\u00eancias do INSS devem voltar \u00e0 normalidade. Compromisso estabelece a reposi\u00e7\u00e3o, num prazo de at\u00e9 seis meses, das per\u00edcias n\u00e3o realizadas e das horas n\u00e3o trabalhadas<\/em><\/p>\n<p>O Minist\u00e9rio do Planejamento informou &#8211; conforme adiantou o <em>Correio<\/em> &#8211; que o governo federal assinou hoje (17) com a Associa\u00e7\u00e3o Nacional de M\u00e9dicos Peritos (ANMP) dois termos de acordo \u2013 salarial e de reposi\u00e7\u00e3o \u2013 que asseguram o final efetivo do movimento grevista e a recupera\u00e7\u00e3o do trabalho perdido. O compromisso estabelece o atendimento de todas as per\u00edcias m\u00e9dicas n\u00e3o realizadas desde o in\u00edcio da greve, em 4 de setembro do ano passado, e a reposi\u00e7\u00e3o das horas n\u00e3o trabalhadas nas ag\u00eancias do INSS.<\/p>\n<p><u><\/u>\u00a0<u><\/u><\/p>\n<p>Em contrapartida, o governo, al\u00e9m de suspender novos cortes de ponto, proceder\u00e1 \u00e0 devolu\u00e7\u00e3o dos valores descontados. A reposi\u00e7\u00e3o das horas n\u00e3o trabalhadas ocorrer\u00e1 num prazo de at\u00e9 seis meses. <u><\/u><u><\/u><\/p>\n<p><u><\/u>\u00a0<u><\/u><\/p>\n<p>O termo de acordo resultante da negocia\u00e7\u00e3o salarial tem vig\u00eancia por quatro anos e estabelece reajuste de 27,9% em quatro parcelas. A primeira ser\u00e1 paga em agosto, no percentual de 5,5%. As demais, nos percentuais de 6,99%, 6,65% e 6,31%, sempre no m\u00eas de janeiro, em 2017, 2018 e 2019.<u><\/u><u><\/u><\/p>\n<p><u><\/u>\u00a0<u><\/u><\/p>\n<p>O acordo, segundo S\u00e9rgio Mendon\u00e7a, secret\u00e1rio de Gest\u00e3o de Pessoas e Rela\u00e7\u00f5es de Trabalho do Minist\u00e9rio do Planejamento, tem como principal caracter\u00edstica a previsibilidade, ou seja, como vale at\u00e9 2019, existe a garantia de que n\u00e3o haver\u00e1 mais paralisa\u00e7\u00e3o dos peritos do INSS nos pr\u00f3ximos quatro anos.<u><\/u><u><\/u><\/p>\n<p><u><\/u>\u00a0<u><\/u><\/p>\n<p>\u201cFoi uma negocia\u00e7\u00e3o dif\u00edcil, uma greve longa. Mas conclu\u00edmos dentro dos par\u00e2metros econ\u00f4micos e salariais que o governo julgava razo\u00e1veis, considerando os limites impostos pelas quest\u00f5es fiscais e or\u00e7ament\u00e1rias\u201d, destacou o secret\u00e1rio.\u00a0\u201cE o mais importante \u00e9 que \u00e9 um acordo longo. Esperamos que a partir de agora, o segurado, o cidad\u00e3o que busca as ag\u00eancias do INSS, tenha regularidade e qualidade no seu atendimento\u201d.<\/p>\n<p>&nbsp;<\/p>\n<p>A principal reivindica\u00e7\u00e3o dos m\u00e9dicos \u2013 redu\u00e7\u00e3o da jornada de trabalho de 40 para 30 horas semanais sem perda de remunera\u00e7\u00e3o \u2013 ser\u00e1 tratada no \u00e2mbito de comit\u00ea gestor a ser criado para apresentar uma proposta de reestrutura\u00e7\u00e3o da carreira de Perito M\u00e9dico Previdenci\u00e1rio e da carreira de Supervisor M\u00e9dico-Pericial. <u><\/u><u><\/u><\/p>\n<p><u><\/u>\u00a0<u><\/u><\/p>\n<p>O comit\u00ea ter\u00e1 composi\u00e7\u00e3o parit\u00e1ria entre representantes da ANMP e do governo federal. Tratar\u00e1, tamb\u00e9m, de quest\u00f5es como desenvolvimento das carreiras e progress\u00e3o, entre outras. O resultado ser\u00e1 consolidado em proposi\u00e7\u00e3o legislativa a ser enviada ao Congresso Nacional.<u><\/u><u><\/u><\/p>\n<p><u><\/u>\u00a0<u><\/u><\/p>\n<p><strong>ATENDIMENTO<\/strong><u><\/u><u><\/u><\/p>\n<p>O termo de reposi\u00e7\u00e3o assinado hoje tem como objetivo garantir o restabelecimento do atendimento ao cidad\u00e3o nas ag\u00eancias do INSS em todo o pa\u00eds. <u><\/u><u><\/u><\/p>\n<p>Durante os 165 dias da greve, estima-se que 1,3 milh\u00e3o de per\u00edcias m\u00e9dicas deixaram de ser realizadas.\u00a0<u><\/u><u><\/u><\/p>\n<p><u><\/u>\u00a0<u><\/u><\/p>\n<p>Mesmo depois que os m\u00e9dicos anunciaram, em meados de\u00a0\u00a0janeiro, a volta ao trabalho \u201cem estado de greve\u201d, o atendimento vinha ocorrendo de forma parcial. Daqui para a frente ter\u00e1 de ser totalmente normalizado. <u><\/u><u><\/u><\/p>\n<p><u><\/u>\u00a0<u><\/u><\/p>\n<p>O pr\u00f3prio INSS se encarregar\u00e1 de entrar em contato com os segurados para reagendar a per\u00edcia, como explica a presidente do INSS, Elisete Berchiol:\u00a0\u00a0 \u201cN\u00f3s vamos, a partir de agora, com a nossa rede de atendimento, organizar as agendas, ampliar o n\u00famero de vagas de per\u00edcias m\u00e9dicas. E entraremos em contato, pelo telefone 135, com os nossos segurados, para que fiquem sabendo da nova data agendada em que devem comparecer para fazer a per\u00edcia\u201d. <u><\/u><u><\/u><\/p>\n<p><u><\/u>\u00a0<u><\/u><\/p>\n<p>Da solenidade de assinatura tamb\u00e9m participaram o secret\u00e1rio especial de Previd\u00eancia Social do Minist\u00e9rio do Trabalho e Previd\u00eancia Social, Carlos Eduardo Gabbas; e o senador Acir Gurgacz (PDT\/RO), que intermediou as negocia\u00e7\u00f5es.<\/p>\n","protected":false},"excerpt":{"rendered":"<p>Ag\u00eancias do INSS devem voltar \u00e0 normalidade. Compromisso estabelece a reposi\u00e7\u00e3o, num prazo de at\u00e9 seis meses, das per\u00edcias n\u00e3o realizadas e das horas n\u00e3o trabalhadas O Minist\u00e9rio do Planejamento informou &#8211; conforme adiantou o Correio &#8211; que o governo federal assinou hoje (17) com a Associa\u00e7\u00e3o Nacional de M\u00e9dicos Peritos (ANMP) dois termos de acordo \u2013 salarial e de [&hellip;]<\/p>\n","protected":false},"author":27,"featured_media":0,"comment_status":"open","ping_status":"closed","sticky":false,"template":"","format":"standard","meta":{"footnotes":""},"categories":[1],"tags":[112,879,881,878,98,883,11,174,884,880,609,504,882],"class_list":["post-1007","post","type-post","status-publish","format-standard","hentry","category-sem-categoria","tag-acordo","tag-agencias","tag-compromisso","tag-fecham","tag-governo","tag-horas","tag-inss","tag-medicos","tag-nao-trabalhadas","tag-normalidade","tag-pericias","tag-peritos","tag-reposicao"],"_links":{"self":[{"href":"https:\/\/blogs.correiobraziliense.com.br\/servidor\/wp-json\/wp\/v2\/posts\/1007","targetHints":{"allow":["GET"]}}],"collection":[{"href":"https:\/\/blogs.correiobraziliense.com.br\/servidor\/wp-json\/wp\/v2\/posts"}],"about":[{"href":"https:\/\/blogs.correiobraziliense.com.br\/servidor\/wp-json\/wp\/v2\/types\/post"}],"author":[{"embeddable":true,"href":"https:\/\/blogs.correiobraziliense.com.br\/servidor\/wp-json\/wp\/v2\/users\/27"}],"replies":[{"embeddable":true,"href":"https:\/\/blogs.correiobraziliense.com.br\/servidor\/wp-json\/wp\/v2\/comments?post=1007"}],"version-history":[{"count":3,"href":"https:\/\/blogs.correiobraziliense.com.br\/servidor\/wp-json\/wp\/v2\/posts\/1007\/revisions"}],"predecessor-version":[{"id":1010,"href":"https:\/\/blogs.correiobraziliense.com.br\/servidor\/wp-json\/wp\/v2\/posts\/1007\/revisions\/1010"}],"wp:attachment":[{"href":"https:\/\/blogs.correiobraziliense.com.br\/servidor\/wp-json\/wp\/v2\/media?parent=1007"}],"wp:term":[{"taxonomy":"category","embeddable":true,"href":"https:\/\/blogs.correiobraziliense.com.br\/servidor\/wp-json\/wp\/v2\/categories?post=1007"},{"taxonomy":"post_tag","embeddable":true,"href":"https:\/\/blogs.correiobraziliense.com.br\/servidor\/wp-json\/wp\/v2\/tags?post=1007"}],"curies":[{"name":"wp","href":"https:\/\/api.w.org\/{rel}","templated":true}]}}