{"id":10067,"date":"2018-08-17T14:38:49","date_gmt":"2018-08-17T17:38:49","guid":{"rendered":"https:\/\/blogs.correiobraziliense.com.br\/servidor\/?p=10067"},"modified":"2018-08-17T14:38:49","modified_gmt":"2018-08-17T17:38:49","slug":"receita-federal-consulta-publica-ao-cnpj-dos-candidatos-das-eleicoes-2018","status":"publish","type":"post","link":"https:\/\/blogs.correiobraziliense.com.br\/servidor\/receita-federal-consulta-publica-ao-cnpj-dos-candidatos-das-eleicoes-2018\/","title":{"rendered":"Receita Federal &#8211; consulta p\u00fablica ao CNPJ dos candidatos das Elei\u00e7\u00f5es 2018"},"content":{"rendered":"<p>Ap\u00f3s a apresenta\u00e7\u00e3o do registro de candidatura \u00e0 Justi\u00e7a Eleitoral, a\u00a0 Receita Federal atribui ao candidato um n\u00famero de CNPJ<\/p>\n<p>A Receita Federal informa que est\u00e1\u00a0 dispon\u00edvel a consulta p\u00fablica ao Cadastro Nacional da Pessoa Jur\u00eddica (CNPJ)\u00a0 dos\u00a0 Candidatos ao pleito das Elei\u00e7\u00f5es 2018, que pode ser feita na\u00a0 \u00a0 p\u00e1gina\u00a0 \u00a0 do\u00a0 \u00a0 \u00f3rg\u00e3o\u00a0 \u00a0 na\u00a0 \u00a0 internet\u00a0 \u00a0 no\u00a0\u00a0 endere\u00e7o\u00a0 <a href=\"http:\/\/www.receita.fazenda.gov.br\/PessoaJuridica\/CNPJ\/Eleicoes\/consulta.asp\" target=\"_blank\" rel=\"noreferrer\">http:\/\/www.receita.fazenda.gov.br\/PessoaJuridica\/CNPJ\/Eleicoes\/consulta.asp<\/a><\/p>\n<p>&#8220;De\u00a0 acordo\u00a0 com o inciso XII, art. 4\u00ba, da Instru\u00e7\u00e3o Normativa RFB n\u00ba 1.634, de\u00a0 2016, todos os candidatos a cargo pol\u00edtico eletivo est\u00e3o obrigados a se inscrever no CNPJ. Ap\u00f3s a apresenta\u00e7\u00e3o do registro de candidatura \u00e0 Justi\u00e7a Eleitoral, a Receita Federal atribui ao candidato um n\u00famero de CNPJ&#8221;, destaca a nota.<\/p>\n","protected":false},"excerpt":{"rendered":"<p>Ap\u00f3s a apresenta\u00e7\u00e3o do registro de candidatura \u00e0 Justi\u00e7a Eleitoral, a\u00a0 Receita Federal atribui ao candidato um n\u00famero de CNPJ A Receita Federal informa que est\u00e1\u00a0 dispon\u00edvel a consulta p\u00fablica ao Cadastro Nacional da Pessoa Jur\u00eddica (CNPJ)\u00a0 dos\u00a0 Candidatos ao pleito das Elei\u00e7\u00f5es 2018, que pode ser feita na\u00a0 \u00a0 p\u00e1gina\u00a0 \u00a0 do\u00a0 \u00a0 \u00f3rg\u00e3o\u00a0 \u00a0 na\u00a0 \u00a0 internet\u00a0 \u00a0 [&hellip;]<\/p>\n","protected":false},"author":27,"featured_media":0,"comment_status":"open","ping_status":"closed","sticky":false,"template":"","format":"standard","meta":{"footnotes":""},"categories":[2719],"tags":[178,6798,1422,11672,147,294],"class_list":["post-10067","post","type-post","status-publish","format-standard","hentry","category-servidor","tag-candidatos","tag-cnpj","tag-consulta","tag-eleicoes-2018","tag-publica","tag-receita-federal"],"_links":{"self":[{"href":"https:\/\/blogs.correiobraziliense.com.br\/servidor\/wp-json\/wp\/v2\/posts\/10067","targetHints":{"allow":["GET"]}}],"collection":[{"href":"https:\/\/blogs.correiobraziliense.com.br\/servidor\/wp-json\/wp\/v2\/posts"}],"about":[{"href":"https:\/\/blogs.correiobraziliense.com.br\/servidor\/wp-json\/wp\/v2\/types\/post"}],"author":[{"embeddable":true,"href":"https:\/\/blogs.correiobraziliense.com.br\/servidor\/wp-json\/wp\/v2\/users\/27"}],"replies":[{"embeddable":true,"href":"https:\/\/blogs.correiobraziliense.com.br\/servidor\/wp-json\/wp\/v2\/comments?post=10067"}],"version-history":[{"count":1,"href":"https:\/\/blogs.correiobraziliense.com.br\/servidor\/wp-json\/wp\/v2\/posts\/10067\/revisions"}],"predecessor-version":[{"id":10068,"href":"https:\/\/blogs.correiobraziliense.com.br\/servidor\/wp-json\/wp\/v2\/posts\/10067\/revisions\/10068"}],"wp:attachment":[{"href":"https:\/\/blogs.correiobraziliense.com.br\/servidor\/wp-json\/wp\/v2\/media?parent=10067"}],"wp:term":[{"taxonomy":"category","embeddable":true,"href":"https:\/\/blogs.correiobraziliense.com.br\/servidor\/wp-json\/wp\/v2\/categories?post=10067"},{"taxonomy":"post_tag","embeddable":true,"href":"https:\/\/blogs.correiobraziliense.com.br\/servidor\/wp-json\/wp\/v2\/tags?post=10067"}],"curies":[{"name":"wp","href":"https:\/\/api.w.org\/{rel}","templated":true}]}}