{"id":10022,"date":"2018-08-14T18:21:46","date_gmt":"2018-08-14T21:21:46","guid":{"rendered":"https:\/\/blogs.correiobraziliense.com.br\/servidor\/?p=10022"},"modified":"2018-08-14T18:21:46","modified_gmt":"2018-08-14T21:21:46","slug":"pf-pode-enfrentar-maior-crise-de-recursos-humanos-de-sua-historia","status":"publish","type":"post","link":"https:\/\/blogs.correiobraziliense.com.br\/servidor\/pf-pode-enfrentar-maior-crise-de-recursos-humanos-de-sua-historia\/","title":{"rendered":"PF pode enfrentar maior crise de recursos humanos de sua hist\u00f3ria"},"content":{"rendered":"<p><em>A Pol\u00edcia Federal est\u00e1 em vias de enfrentar a maior crise de recursos humanos de sua hist\u00f3ria. A afirma\u00e7\u00e3o \u00e9 do Sindicato Nacional dos Administrativos (SinpecPF). A entidade alerta que a falta de pessoal est\u00e1 obrigando o \u00f3rg\u00e3o a deslocar cada vez mais policiais para atividades de suporte, tais como setor de compras e de licita\u00e7\u00f5es e contratos. Atualmente, o quadro administrativo corresponde a apenas 19,6% do efetivo ativo da PF, percentual que era de 30,3% em 1978<\/em><\/p>\n<p><img loading=\"lazy\" decoding=\"async\" class=\"size-large wp-image-10023 aligncenter\" src=\"https:\/\/blogs.correiobraziliense.com.br\/servidor\/wp-content\/uploads\/sites\/10\/2018\/08\/GRAF-1024x619.png\" alt=\"GRAF\" width=\"1024\" height=\"619\" srcset=\"https:\/\/blogs.correiobraziliense.com.br\/servidor\/wp-content\/uploads\/sites\/10\/2018\/08\/GRAF-1024x619.png 1024w, https:\/\/blogs.correiobraziliense.com.br\/servidor\/wp-content\/uploads\/sites\/10\/2018\/08\/GRAF-300x181.png 300w, https:\/\/blogs.correiobraziliense.com.br\/servidor\/wp-content\/uploads\/sites\/10\/2018\/08\/GRAF-768x464.png 768w, https:\/\/blogs.correiobraziliense.com.br\/servidor\/wp-content\/uploads\/sites\/10\/2018\/08\/GRAF-350x212.png 350w, https:\/\/blogs.correiobraziliense.com.br\/servidor\/wp-content\/uploads\/sites\/10\/2018\/08\/GRAF-550x332.png 550w, https:\/\/blogs.correiobraziliense.com.br\/servidor\/wp-content\/uploads\/sites\/10\/2018\/08\/GRAF-230x139.png 230w, https:\/\/blogs.correiobraziliense.com.br\/servidor\/wp-content\/uploads\/sites\/10\/2018\/08\/GRAF.png 1221w\" sizes=\"auto, (max-width: 1024px) 100vw, 1024px\" \/><\/p>\n<p><em>Evolu\u00e7\u00e3o do efetivo da PF.<\/em><\/p>\n<p>\u201cA discrep\u00e2ncia entre a quantidade de policiais e administrativos se tornou insustent\u00e1vel\u201d, avalia \u00c9der Fernando da Silva, presidente do SinpecPF. \u201cPara piorar o quadro, de 1978 para c\u00e1, a Pol\u00edcia Federal recebeu uma s\u00e9rie de compet\u00eancias legais relacionadas \u00e0s \u00e1reas de fiscaliza\u00e7\u00e3o e de controle, tarefas que demandam grande contingente administrativo\u201d, completa.<\/p>\n<p><span style=\"color: #000000\">\u00c9der revela que a situa\u00e7\u00e3o deve piorar drasticamente a partir do ano que vem, quando se espera um grande n\u00famero de aposentadorias entre os servidores administrativos. Atualmente, cerca de 25% da categoria j\u00e1 re\u00fane requisitos para deixar a ativa. \u201cS\u00e3o aproximadamente 700 servidores que est\u00e3o apenas aguardando a incorpora\u00e7\u00e3o da gratifica\u00e7\u00e3o de desempenho na aposentadoria para deixar o \u00f3rg\u00e3o\u201d, esclarece \u00c9der. Conforme acordo firmado entre o governo federal e a categoria, a \u00faltima parcela da incorpora\u00e7\u00e3o est\u00e1 prevista para janeiro do ano que vem.<\/span><\/p>\n<p><span style=\"color: #000000\">Preocupado com esse cen\u00e1rio, o SinpecPF oficiou a Dire\u00e7\u00e3o-Geral da Pol\u00edcia Federal solicitando gest\u00f5es do \u00f3rg\u00e3o pela um novo concurso para a categoria \u2014 o \u00faltimo certame ocorreu em 2014 e preencheu 566 vagas. Segundo o sindicato, para contornar as aposentadorias previstas e restabelecer a propor\u00e7\u00e3o entre policiais e administrativos observada no passado, s\u00e3o necess\u00e1rias cerca de 2.500 vagas.<\/span><\/p>\n<p><span style=\"color: #000000\">\u201cSabemos que a situa\u00e7\u00e3o financeira do pa\u00eds n\u00e3o \u00e9 f\u00e1cil. Entretanto, \u00e9 muito mais econ\u00f4mico refor\u00e7ar o quadro administrativo do que seguir desviando policiais para nossas fun\u00e7\u00f5es\u201d, pondera \u00c9der. O sindicalista destaca que os policiais federais tamb\u00e9m pensam assim: <\/span><a href=\"https:\/\/www.facebook.com\/SinpecPFnoFace\/videos\/1767272559996298\/\" target=\"_blank\"><span style=\"color: #0563c1\">em entrevistas recentes, o vice-presidente da Federa\u00e7\u00e3o Nacional dos Policiais Federais, Fl\u00e1vio Werneck, tem dito que cerca de 50% do efetivo policial est\u00e1 subaproveitado em tarefas burocr\u00e1ticas.<\/span><\/a><\/p>\n<p>A pr\u00f3pria Administra\u00e7\u00e3o do \u00f3rg\u00e3o parece concordar com o SinpecPF. Em declara\u00e7\u00e3o ao sindicato para v\u00eddeo institucional, o atual diretor de Gest\u00e3o de Pessoal da Pol\u00edcia Federal, Delano Cerqueira Bunn, sustentou que <a href=\"https:\/\/www.facebook.com\/SinpecPFnoFace\/videos\/1740153536041534\/\" target=\"_blank\"><span style=\"color: #0563c1\">\u201co primeiro passo para fortalecer a PF \u00e9 valorizar a carreira administrativa\u201d.<\/span><\/a><\/p>\n<p>&nbsp;<\/p>\n","protected":false},"excerpt":{"rendered":"<p>A Pol\u00edcia Federal est\u00e1 em vias de enfrentar a maior crise de recursos humanos de sua hist\u00f3ria. A afirma\u00e7\u00e3o \u00e9 do Sindicato Nacional dos Administrativos (SinpecPF). A entidade alerta que a falta de pessoal est\u00e1 obrigando o \u00f3rg\u00e3o a deslocar cada vez mais policiais para atividades de suporte, tais como setor de compras e de licita\u00e7\u00f5es e contratos. Atualmente, o [&hellip;]<\/p>\n","protected":false},"author":27,"featured_media":0,"comment_status":"open","ping_status":"closed","sticky":false,"template":"","format":"standard","meta":{"footnotes":""},"categories":[2719],"tags":[2055,379,2140,9249,93,250,207,366,2009,940,333,1271,332,137,319,110,1816,9447,58,323,3217],"class_list":["post-10022","post","type-post","status-publish","format-standard","hentry","category-servidor","tag-aposentadorias","tag-categoria","tag-competencias","tag-compras","tag-concurso","tag-contratos","tag-controle","tag-crise","tag-efetivo","tag-fiscalizacao","tag-gratificacao","tag-historia","tag-incorporacao","tag-licitacoes","tag-pf","tag-policiais","tag-quadro","tag-recursos-humanos","tag-servidores","tag-sinpecpf","tag-suporte"],"_links":{"self":[{"href":"https:\/\/blogs.correiobraziliense.com.br\/servidor\/wp-json\/wp\/v2\/posts\/10022","targetHints":{"allow":["GET"]}}],"collection":[{"href":"https:\/\/blogs.correiobraziliense.com.br\/servidor\/wp-json\/wp\/v2\/posts"}],"about":[{"href":"https:\/\/blogs.correiobraziliense.com.br\/servidor\/wp-json\/wp\/v2\/types\/post"}],"author":[{"embeddable":true,"href":"https:\/\/blogs.correiobraziliense.com.br\/servidor\/wp-json\/wp\/v2\/users\/27"}],"replies":[{"embeddable":true,"href":"https:\/\/blogs.correiobraziliense.com.br\/servidor\/wp-json\/wp\/v2\/comments?post=10022"}],"version-history":[{"count":1,"href":"https:\/\/blogs.correiobraziliense.com.br\/servidor\/wp-json\/wp\/v2\/posts\/10022\/revisions"}],"predecessor-version":[{"id":10024,"href":"https:\/\/blogs.correiobraziliense.com.br\/servidor\/wp-json\/wp\/v2\/posts\/10022\/revisions\/10024"}],"wp:attachment":[{"href":"https:\/\/blogs.correiobraziliense.com.br\/servidor\/wp-json\/wp\/v2\/media?parent=10022"}],"wp:term":[{"taxonomy":"category","embeddable":true,"href":"https:\/\/blogs.correiobraziliense.com.br\/servidor\/wp-json\/wp\/v2\/categories?post=10022"},{"taxonomy":"post_tag","embeddable":true,"href":"https:\/\/blogs.correiobraziliense.com.br\/servidor\/wp-json\/wp\/v2\/tags?post=10022"}],"curies":[{"name":"wp","href":"https:\/\/api.w.org\/{rel}","templated":true}]}}