{"id":6815,"date":"2018-06-21T10:00:38","date_gmt":"2018-06-21T13:00:38","guid":{"rendered":"https:\/\/blogs.correiobraziliense.com.br\/proximocapitulo\/?p=6815"},"modified":"2018-06-21T11:05:10","modified_gmt":"2018-06-21T14:05:10","slug":"marianna-armellini-entrevista","status":"publish","type":"post","link":"https:\/\/blogs.correiobraziliense.com.br\/proximocapitulo\/marianna-armellini-entrevista\/","title":{"rendered":"Marianna Armellini se destaca em Malha\u00e7\u00e3o: Vidas brasileiras. Leia entrevista com a atriz!"},"content":{"rendered":"<h3>Depois de <em>\u00cata mundo bom!<\/em>, Marianna Armellini retorna aos folhetins como a professora Brigitte em nova temporada de <em>Malha\u00e7\u00e3o<\/em><\/h3>\n<p>De volta \u00e0s novelas, a atriz Marianna Armellini tem roubado a cena em <em>Malha\u00e7\u00e3o: Vidas brasileiras<\/em>. No folhetim, ela d\u00e1 vida \u00e0 professora de matem\u00e1tica Brigitte, que tamb\u00e9m d\u00e1 umas canjas de cantora e \u00e9 uma personagem com um lado mais c\u00f4mico. Para se preparar para a personagem, Marianna teve laborat\u00f3rio com professores, mas se inspirou, principalmente, em algumas figuras da sua vida, como o professor de literatura Chic\u00e3o &#8212; &#8220;ele era divertido e muito apaixonado pelo trabalho&#8221; &#8212; e o pr\u00f3prio pai, que \u00e9 qu\u00edmico e matem\u00e1tico.<\/p>\n<p>Essa \u00e9 uma das temporadas de\u00a0<a href=\"https:\/\/blogs.correiobraziliense.com.br\/proximocapitulo\/critica-malhacao-vidas-brasileiras\/\"><em>Malha\u00e7\u00e3o<\/em> em que a novela passou por uma grande reformula\u00e7\u00e3o<\/a>. Agora, os personagens mais jovens ganham destaques semanalmente, enquanto os adultos permeiam toda a temporada com narrativas pr\u00f3prias. Assim, Marianna tem tido\u00a0espa\u00e7o na trama ao lado de Camila Morgado, que faz a protagonista, a personagem Gabriela. Ao Pr\u00f3ximo Cap\u00edtulo, a atriz falou sobre a experi\u00eancia na novela. Confira!<\/p>\n<h2>Entrevista \/\/ Marianna Armellini<\/h2>\n<p><strong>Como surgiu a oportunidade de integrar o elenco de <em>Malha\u00e7\u00e3o: Vidas brasileiras<\/em>?<\/strong><br \/>\nRecebi um convite da Nat\u00e1lia Grimberg, diretora da novela. Eu j\u00e1 tinha feito uma novela do Daniel Ortiz, supervisor de texto dessa temporada da <em>Malha\u00e7\u00e3o<\/em>, ent\u00e3o ele tamb\u00e9m j\u00e1 conhecia meu trabalho. Acho que eles viram v\u00eddeos meus da \u00e9poca do programa <em>Ol\u00edvias na TV<\/em>, em que eu cantava \u2013 meio mal, mas com muita f\u00e9 c\u00eanica &#8211; e acharam que era a vibe da Brigitte.<\/p>\n<p><strong>A sua personagem \u00e9 professora. Voc\u00ea fez algum laborat\u00f3rio para interpret\u00e1-la ou se inspirou, por exemplo, em professoras que teve?<\/strong><br \/>\nTodos n\u00f3s tivemos encontros com educadores do Brasil todo, como prepara\u00e7\u00e3o para a novela. Mas como a Brigitte \u00e9 muito despojada, eu me lembrei muito de um professor de literatura que eu tive no colegial, chamado Chic\u00e3o. Ele era divertido e muito apaixonado pelo trabalho. A paix\u00e3o da Brigitte pela matem\u00e1tica eu tiro do meu pai, que \u00e9 qu\u00edmico e matem\u00e1tico e completamente apaixonado pela mat\u00e9ria. Ele fala de matem\u00e1tica como a coisa mais linda do mundo.<\/p>\n<p><strong>Essa temporada de <em>Malha\u00e7\u00e3o<\/em> \u00e9 diferenciada por tamb\u00e9m ter um grande foco nos personagens adultos. Como tem sido ter esse destaque na produ\u00e7\u00e3o?<\/strong><br \/>\nAcho bem interessante que tenha esse foco tamb\u00e9m, afinal, <em>Malha\u00e7\u00e3o<\/em> mudou bastante e atinge hoje um p\u00fablico adulto \u2013 muitos pais v\u00eam falar comigo nas ruas dizendo que assistem \u00e0 novela para entender a cabe\u00e7a dos jovens de hoje. \u00c9 bacana que sejam contemplados com personagens adultos interessantes e uma trama bacana.<\/p>\n<figure id=\"attachment_6817\" aria-describedby=\"caption-attachment-6817\" style=\"width: 1200px\" class=\"wp-caption aligncenter\"><img loading=\"lazy\" decoding=\"async\" class=\"size-full wp-image-6817\" src=\"https:\/\/blogs.correiobraziliense.com.br\/proximocapitulo\/wp-content\/uploads\/sites\/27\/2018\/06\/marianna-e-camila.jpg\" alt=\"Gabriela (Camila Morgado) e Brigitte (Marianna Armellini) em Malha\u00e7\u00e3o. Cr\u00e9dito: Mauricio Fidalgo\/Divulga\u00e7\u00e3o\" width=\"1200\" height=\"650\" srcset=\"https:\/\/blogs.correiobraziliense.com.br\/proximocapitulo\/wp-content\/uploads\/sites\/27\/2018\/06\/marianna-e-camila.jpg 1200w, https:\/\/blogs.correiobraziliense.com.br\/proximocapitulo\/wp-content\/uploads\/sites\/27\/2018\/06\/marianna-e-camila-300x163.jpg 300w, https:\/\/blogs.correiobraziliense.com.br\/proximocapitulo\/wp-content\/uploads\/sites\/27\/2018\/06\/marianna-e-camila-768x416.jpg 768w, https:\/\/blogs.correiobraziliense.com.br\/proximocapitulo\/wp-content\/uploads\/sites\/27\/2018\/06\/marianna-e-camila-1024x555.jpg 1024w, https:\/\/blogs.correiobraziliense.com.br\/proximocapitulo\/wp-content\/uploads\/sites\/27\/2018\/06\/marianna-e-camila-550x298.jpg 550w, https:\/\/blogs.correiobraziliense.com.br\/proximocapitulo\/wp-content\/uploads\/sites\/27\/2018\/06\/marianna-e-camila-230x125.jpg 230w\" sizes=\"auto, (max-width: 1200px) 100vw, 1200px\" \/><figcaption id=\"caption-attachment-6817\" class=\"wp-caption-text\">Gabriela (Camila Morgado) e Brigitte (Marianna Armellini) em Malha\u00e7\u00e3o. Cr\u00e9dito: Mauricio Fidalgo\/Divulga\u00e7\u00e3o<\/figcaption><\/figure>\n<p><strong>Voc\u00ea atua lado a lado com a Camila Morgado. Como \u00e9 a troca entre voc\u00eas?<\/strong><br \/>\nContracenar com a Camila \u00e9 um sonho realizado \u2013 e n\u00e3o \u00e9 s\u00f3 for\u00e7a de express\u00e3o, n\u00e3o! Quando ela surgiu na TV, em <em>A casa das sete mulheres<\/em>, eu estava no come\u00e7o da EAD (Escola de Arte Dram\u00e1tica), em S\u00e3o Paulo, e chegava da aula e ia assistir\u00a0\u00e0 miniss\u00e9rie, encantada com aquela atriz. Ela era muito expressiva, muito presente, trazia uma verdade que escapava da tela. Sempre quis conhec\u00ea-la e trabalhar com ela. Quando nos conhecemos, eu fingi costume, mas estava nervosa. Ela \u00e9 extremamente generosa, \u00e9 engra\u00e7ada, inteligente, e nos demos bem de imediato. Trocamos muitas impress\u00f5es sobre as cenas e as personagens, batemos texto, rimos, e acho que essa qu\u00edmica fica clara em cena. Est\u00e1 sendo uma alegria imensa, e eu aproveito cada minuto da oportunidade de trabalhar com ela e com os outros atores incr\u00edveis dessa temporada.<\/p>\n<p><strong><em>Malha\u00e7\u00e3o<\/em> \u00e9 o seu retorno a novelas. Estava com saudades desse formato?<\/strong><br \/>\nFiquei um ano e meio fora da tev\u00ea (a \u00faltima novela foi <em>\u00cata mundo bom!<\/em>), e foi um per\u00edodo \u00f3timo, em que fiz muito teatro, inclusive viajando pelo pa\u00eds com espet\u00e1culos. Fazer teatro me renova, e \u00e9 sempre fundamental voltar a ele. Fazer televis\u00e3o exige outro tipo de dedica\u00e7\u00e3o, de disponibilidade, e \u00e9 bom estar de volta em um projeto como <em>Malha\u00e7\u00e3o<\/em>, falando com um p\u00fablico jovem, atuando com atores jovens, num texto contempor\u00e2neo, com uma personagem que me desafia \u2013 essa hist\u00f3ria de cantar, me exp\u00f4r cantando mal, tem me feito crescer muito como artista.<\/p>\n<p><strong>Voc\u00ea \u00e9 bastante conhecida por trabalhos ligados \u00e0 com\u00e9dia. Tem algum projeto nesse sentido atualmente?<\/strong><br \/>\n\u00c9 dif\u00edcil manter outros projetos enquanto se faz novela, porque a tev\u00ea exige muito do nosso tempo. Mas fiz algumas apresenta\u00e7\u00f5es do espet\u00e1culo <em>Mulheres \u00e1cidas<\/em> e vou come\u00e7ar a tirar do papel um outro projeto de teatro para o ano que vem, tamb\u00e9m c\u00f4mico.<\/p>\n<p><strong>Al\u00e9m de estar em <em>Malha\u00e7\u00e3o<\/em>, voc\u00ea tem se apresentado com o espet\u00e1culo <em>Mulheres \u00e1cidas<\/em>. O que pode contar sobre a pe\u00e7a?<\/strong><br \/>\n<em>Mulheres \u00e1cidas<\/em> \u00e9 um espet\u00e1culo escrito pela Cristiane Wersom, para n\u00f3s duas atuarmos. Tem muito das nossas vidas ali. S\u00e3o quatro hist\u00f3rias, de oito mulheres, que se relacionam ao longo do tempo. \u00c9 engra\u00e7ada, mas tem tons dram\u00e1ticos que a deixam uma pe\u00e7a bonita. Utilizamos de uma estrutura muito simples, nos relacionamos o tempo todo com a plateia, e com isso, aproximamos o p\u00fablico dessas mulheres, que se parecem muito com as mulheres que conhecemos, e que podem estar vivendo dores silenciadas pelo machismo, pelo papel que lhes \u00e9 imposto pela sociedade\u2026Falamos disso com leveza, fazemos rir, mas tamb\u00e9m pensar. \u00c9 um espet\u00e1culo que eu tenho muito prazer em fazer. Escrito por uma mulher, dirigido por uma mulher a feito por duas mulheres.<\/p>\n","protected":false},"excerpt":{"rendered":"<p>Depois de \u00cata mundo bom!, Marianna Armellini retorna aos folhetins como a professora Brigitte em nova temporada de Malha\u00e7\u00e3o De volta \u00e0s novelas, a atriz Marianna Armellini tem roubado a cena em Malha\u00e7\u00e3o: Vidas brasileiras. No folhetim, ela d\u00e1 vida \u00e0 professora de matem\u00e1tica Brigitte, que tamb\u00e9m d\u00e1 umas canjas de cantora e \u00e9 uma personagem com um lado mais [&hellip;]<\/p>\n","protected":false},"author":58,"featured_media":6816,"comment_status":"open","ping_status":"open","sticky":false,"template":"","format":"standard","meta":{"footnotes":""},"categories":[86,9],"tags":[1727,1868],"class_list":["post-6815","post","type-post","status-publish","format-standard","has-post-thumbnail","hentry","category-entrevista","category-novela","tag-malhacao-vidas-brasileiras","tag-marianna-armellini"],"_links":{"self":[{"href":"https:\/\/blogs.correiobraziliense.com.br\/proximocapitulo\/wp-json\/wp\/v2\/posts\/6815","targetHints":{"allow":["GET"]}}],"collection":[{"href":"https:\/\/blogs.correiobraziliense.com.br\/proximocapitulo\/wp-json\/wp\/v2\/posts"}],"about":[{"href":"https:\/\/blogs.correiobraziliense.com.br\/proximocapitulo\/wp-json\/wp\/v2\/types\/post"}],"author":[{"embeddable":true,"href":"https:\/\/blogs.correiobraziliense.com.br\/proximocapitulo\/wp-json\/wp\/v2\/users\/58"}],"replies":[{"embeddable":true,"href":"https:\/\/blogs.correiobraziliense.com.br\/proximocapitulo\/wp-json\/wp\/v2\/comments?post=6815"}],"version-history":[{"count":4,"href":"https:\/\/blogs.correiobraziliense.com.br\/proximocapitulo\/wp-json\/wp\/v2\/posts\/6815\/revisions"}],"predecessor-version":[{"id":6824,"href":"https:\/\/blogs.correiobraziliense.com.br\/proximocapitulo\/wp-json\/wp\/v2\/posts\/6815\/revisions\/6824"}],"wp:featuredmedia":[{"embeddable":true,"href":"https:\/\/blogs.correiobraziliense.com.br\/proximocapitulo\/wp-json\/wp\/v2\/media\/6816"}],"wp:attachment":[{"href":"https:\/\/blogs.correiobraziliense.com.br\/proximocapitulo\/wp-json\/wp\/v2\/media?parent=6815"}],"wp:term":[{"taxonomy":"category","embeddable":true,"href":"https:\/\/blogs.correiobraziliense.com.br\/proximocapitulo\/wp-json\/wp\/v2\/categories?post=6815"},{"taxonomy":"post_tag","embeddable":true,"href":"https:\/\/blogs.correiobraziliense.com.br\/proximocapitulo\/wp-json\/wp\/v2\/tags?post=6815"}],"curies":[{"name":"wp","href":"https:\/\/api.w.org\/{rel}","templated":true}]}}