{"id":14695,"date":"2020-08-01T14:19:43","date_gmt":"2020-08-01T17:19:43","guid":{"rendered":"https:\/\/blogs.correiobraziliense.com.br\/proximocapitulo\/?p=14695"},"modified":"2020-07-31T21:24:21","modified_gmt":"2020-08-01T00:24:21","slug":"simone-mendes-da-dupla-com-simaria-aposta-em-canal-no-youtube","status":"publish","type":"post","link":"https:\/\/blogs.correiobraziliense.com.br\/proximocapitulo\/simone-mendes-da-dupla-com-simaria-aposta-em-canal-no-youtube\/","title":{"rendered":"Simone Mendes, da dupla com Simaria, aposta em canal no YouTube"},"content":{"rendered":"<h3>Com mais de um milh\u00e3o de inscritos em pouco tempo, Simone diz que n\u00e3o pretende parar com a vida de youtuber<\/h3>\n<p>A pandemia tornou o YouTube o principal palco do sertanejos. Mas uma cantora do g\u00eanero resolveu adentrar na plataforma de outro modo. Simone Mendes, da dupla com Simaria, <a href=\"https:\/\/www.correiobraziliense.com.br\/app\/noticia\/diversao-e-arte\/2020\/04\/29\/interna_diversao_arte,849773\/simone-dupla-de-simaria-lanca-canal-no-youtube-sobre-a-rotina-artist.shtml\">abriu um canal pr\u00f3prio<\/a> em que mostra o lado exc\u00eantrico, engra\u00e7ado e espont\u00e2neo, com bastidores da vida familiar.<\/p>\n<p>O canal tem novos conte\u00fados sempre \u00e0s sextas e aos domingo, \u00e0s 20h. Para comemorar o pr\u00f3prio anivers\u00e1rio e os bons n\u00fameros no YouTube, Simone prepara uma live em agosto com participa\u00e7\u00e3o dos amigos Tirulipa e Whindersson Nunes.<\/p>\n<h2>Entrevista \/\/ Simone Mendes<\/h2>\n<p><strong>Como veio a ideia de fazer um canal no YouTube?<\/strong><br \/>\nOs f\u00e3s sempre falavam nas minhas redes que eu sou engra\u00e7ada, que adoravam acompanhar a minha rotina, minha fam\u00edlia&#8230; A\u00ed o Kak\u00e1 veio com a ideia do canal. Demoramos um pouquinho para estruturar tudo, mas h\u00e1 dois meses j\u00e1 estamos com ele no ar.<\/p>\n<p><strong>O canal traz muito do seu jeito espont\u00e2neo e engra\u00e7ado, mas como voc\u00ea faz para pensar nos conte\u00fados que possam explorar esse seu lado?<br \/>\n<\/strong>A grande maioria dos conte\u00fados vem de forma natural, em conversa dentro de casa, com a equipe, mas tamb\u00e9m j\u00e1 aconteceu de eu abrir sugest\u00f5es nas minhas redes para saber o que meus f\u00e3s gostariam de ver no meu canal. Posso dizer que \u00e9 ideia \u00e9 o que n\u00e3o falta. Todos ajudam (risos)<\/p>\n<p><strong>Que balan\u00e7o faz desse per\u00edodo com o canal?<br \/>\n<\/strong>Estou extremamente feliz com meu canal. Olha s\u00f3, temos um milh\u00e3o de inscritos em t\u00e3o pouco tempo. Leio os coment\u00e1rios e vejo como as pessoas se divertem. At\u00e9 eu dou risada quando vejo (risos). Isso \u00e9 muito bom, alegra as pessoas. S\u00f3 tenho que agradecer o carinho de todos por seguirem o meu canal.<\/p>\n<p><strong>Voc\u00ea pretende continuar tocando o canal p\u00f3s-pandemia ou \u00e9 algo para esse per\u00edodo de quarentena?<\/strong>Sim, claro! A ideia do canal veio bem antes da pandemia e, com certeza, seguirei alimentando com muito conte\u00fado engra\u00e7ado e curioso para meus f\u00e3s.<\/p>\n<p><strong>Em agosto voc\u00ea far\u00e1 uma live em formato de anivers\u00e1rio. O que pode adiantar sobre essa live?<\/strong><br \/>\nO que eu posso adiantar \u00e9 que terei a presen\u00e7a de Tirulipa e do Whindersson (Nunes), que s\u00e3o dois amigos queridos da minha fam\u00edlia. Aguardem que vem muita novidade a\u00ed para comemorarmos um milh\u00e3o de inscritos no canal.<\/p>\n","protected":false},"excerpt":{"rendered":"<p>Com mais de um milh\u00e3o de inscritos em pouco tempo, Simone diz que n\u00e3o pretende parar com a vida de youtuber<\/p>\n","protected":false},"author":58,"featured_media":14696,"comment_status":"open","ping_status":"open","sticky":false,"template":"","format":"standard","meta":{"footnotes":""},"categories":[86],"tags":[3507,959],"class_list":["post-14695","post","type-post","status-publish","format-standard","has-post-thumbnail","hentry","category-entrevista","tag-simone-mendes","tag-youtube"],"_links":{"self":[{"href":"https:\/\/blogs.correiobraziliense.com.br\/proximocapitulo\/wp-json\/wp\/v2\/posts\/14695","targetHints":{"allow":["GET"]}}],"collection":[{"href":"https:\/\/blogs.correiobraziliense.com.br\/proximocapitulo\/wp-json\/wp\/v2\/posts"}],"about":[{"href":"https:\/\/blogs.correiobraziliense.com.br\/proximocapitulo\/wp-json\/wp\/v2\/types\/post"}],"author":[{"embeddable":true,"href":"https:\/\/blogs.correiobraziliense.com.br\/proximocapitulo\/wp-json\/wp\/v2\/users\/58"}],"replies":[{"embeddable":true,"href":"https:\/\/blogs.correiobraziliense.com.br\/proximocapitulo\/wp-json\/wp\/v2\/comments?post=14695"}],"version-history":[{"count":1,"href":"https:\/\/blogs.correiobraziliense.com.br\/proximocapitulo\/wp-json\/wp\/v2\/posts\/14695\/revisions"}],"predecessor-version":[{"id":14697,"href":"https:\/\/blogs.correiobraziliense.com.br\/proximocapitulo\/wp-json\/wp\/v2\/posts\/14695\/revisions\/14697"}],"wp:featuredmedia":[{"embeddable":true,"href":"https:\/\/blogs.correiobraziliense.com.br\/proximocapitulo\/wp-json\/wp\/v2\/media\/14696"}],"wp:attachment":[{"href":"https:\/\/blogs.correiobraziliense.com.br\/proximocapitulo\/wp-json\/wp\/v2\/media?parent=14695"}],"wp:term":[{"taxonomy":"category","embeddable":true,"href":"https:\/\/blogs.correiobraziliense.com.br\/proximocapitulo\/wp-json\/wp\/v2\/categories?post=14695"},{"taxonomy":"post_tag","embeddable":true,"href":"https:\/\/blogs.correiobraziliense.com.br\/proximocapitulo\/wp-json\/wp\/v2\/tags?post=14695"}],"curies":[{"name":"wp","href":"https:\/\/api.w.org\/{rel}","templated":true}]}}