{"id":14687,"date":"2020-08-02T08:52:35","date_gmt":"2020-08-02T11:52:35","guid":{"rendered":"https:\/\/blogs.correiobraziliense.com.br\/proximocapitulo\/?p=14687"},"modified":"2020-07-31T20:58:21","modified_gmt":"2020-07-31T23:58:21","slug":"danton-40-anos-de-carreira","status":"publish","type":"post","link":"https:\/\/blogs.correiobraziliense.com.br\/proximocapitulo\/danton-40-anos-de-carreira\/","title":{"rendered":"Mineiro Danton Mello completa, em 2020, 40 anos de carreira"},"content":{"rendered":"<h3>Em entrevista, Danton Mello fala da trajet\u00f3ria e dos impactos da pandemia no trabalho<\/h3>\n<p>Dos 45 anos de idade do mineiro Danton Mello, 40 foram dedicados ao of\u00edcio de ator. \u201cComecei bem novinho. \u00c9 louco pensar que passei 40 anos contando hist\u00f3rias, principalmente, porque me sinto jovem\u201d, diz, entre risos. A atua\u00e7\u00e3o entrou muito cedo na vida da fam\u00edlia Mello. Danton e o irm\u00e3o, Selton, cresceram em meio ao mundo televisivo. \u201cTem gera\u00e7\u00f5es que nos viram crescer na tev\u00ea. \u00c9 lindo ver a hist\u00f3ria que n\u00f3s constru\u00edmos. Come\u00e7amos t\u00e3o cedo e seguimos at\u00e9 hoje, cada um no seu caminho\u201d, comenta.<\/p>\n<p>O ano de 2020 seria o primeiro, em tantos, em que os irm\u00e3os estariam juntos no ar. Selton em <em>Nos\u00a0tempos do imperador<\/em>, novela das 18h, e Danton no folhetim das 21h, <em>Um lugar ao Sol.<\/em> Por\u00e9m, ambas tiveram as estreias adiadas por conta da pandemia do novo coronav\u00edrus. Danton, inclusive, continua caracterizado como Mateus, personagem da produ\u00e7\u00e3o, um homem simples do interior que reencontra o amor da adolesc\u00eancia, Lara, vivida por Andreia Horta. \u201cBotei megahair, deixei a barba crescer. Ia come\u00e7ar a gravar na semana seguinte ao in\u00edcio da quarentena. Agora, n\u00e3o sei como realmente vai ser\u201d, revela.<\/p>\n<h2>Trabalhos de Danton Mello<\/h2>\n<figure id=\"attachment_14689\" aria-describedby=\"caption-attachment-14689\" style=\"width: 800px\" class=\"wp-caption aligncenter\"><img loading=\"lazy\" decoding=\"async\" class=\"wp-image-14689 size-full\" src=\"https:\/\/blogs.correiobraziliense.com.br\/proximocapitulo\/wp-content\/uploads\/sites\/27\/2020\/07\/CBNFOT270720201776.jpg\" alt=\"\" width=\"800\" height=\"512\" srcset=\"https:\/\/blogs.correiobraziliense.com.br\/proximocapitulo\/wp-content\/uploads\/sites\/27\/2020\/07\/CBNFOT270720201776.jpg 800w, https:\/\/blogs.correiobraziliense.com.br\/proximocapitulo\/wp-content\/uploads\/sites\/27\/2020\/07\/CBNFOT270720201776-300x192.jpg 300w, https:\/\/blogs.correiobraziliense.com.br\/proximocapitulo\/wp-content\/uploads\/sites\/27\/2020\/07\/CBNFOT270720201776-768x492.jpg 768w, https:\/\/blogs.correiobraziliense.com.br\/proximocapitulo\/wp-content\/uploads\/sites\/27\/2020\/07\/CBNFOT270720201776-550x352.jpg 550w, https:\/\/blogs.correiobraziliense.com.br\/proximocapitulo\/wp-content\/uploads\/sites\/27\/2020\/07\/CBNFOT270720201776-230x147.jpg 230w\" sizes=\"auto, (max-width: 800px) 100vw, 800px\" \/><figcaption id=\"caption-attachment-14689\" class=\"wp-caption-text\">2020. Cr\u00e9dito: Gustavo Arrais\/Divulga\u00e7\u00e3o. Cultura. Ator Danton Mello.<\/figcaption><\/figure>\n<p>Mesmo que a novela continue sem previs\u00e3o de lan\u00e7amento \u2014 <a href=\"https:\/\/blogs.correiobraziliense.com.br\/proximocapitulo\/a-forca-do-querer-substituira-fina-estampa-amor-de-mae-e-salve-se-quem-puder-voltam-apenas-em-2021\/\"><em>Amor de m\u00e3e<\/em>, por exemplo, voltar\u00e1 apenas em 2021<\/a>, o que deve empurrar <em>Um lugar ao Sol<\/em> tamb\u00e9m para o ano que vem \u2014 Danton voltou \u00e0s telas na \u00faltima semana. Meio que por acaso, j\u00e1 que, com espa\u00e7o na programa\u00e7\u00e3o, a Globo resolveu exibir a vers\u00e3o seriada de<a href=\"https:\/\/blogs.correiobraziliense.com.br\/proximocapitulo\/globo-estreia-nesta-quinta-feira-a-serie-hebe\/\"><em> Hebe<\/em>, dispon\u00edvel no Globoplay, na tev\u00ea aberta, no ar desde a \u00faltima quinta-feira<\/a>, em que ele vive Cl\u00e1udio Pessutti, sobrinho da apresentadora, um dos personagens com bastante espa\u00e7o na trama.<\/p>\n<p>Enquanto os cinemas tamb\u00e9m n\u00e3o voltam, Danton fica com dois projetos arquivados: os filmes <em>Predestinado<\/em> e <em>Meu tio quase perfeito 2<\/em>. \u201cPredestinado tinha data oficial de estreia em 18 de junho. Foi um trabalho lindo e muito dif\u00edcil de fazer. \u00c9 uma hist\u00f3ria linda de um homem iluminado que passou fazendo o bem \u00e0s pessoas\u201d, afirma ao citar Arig\u00f3, famoso m\u00e9dium que \u00e9 o protagonista da hist\u00f3ria. J\u00e1 a segunda produ\u00e7\u00e3o traz o lado mais c\u00f4mico do ator, g\u00eanero que ele veio se destacando nos \u00faltimos anos. \u201cEu queria dar um tempo da com\u00e9dia, mas \u00e9 um filme voltado para a fam\u00edlia, que fala de amizade, tem uma mensagem muito bonita. Eu me diverti muito fazendo\u201d, lembra.<\/p>\n<p>Sobre a quarentena, ele diz ter sido um per\u00edodo de muita saudade do trabalho, mas tamb\u00e9m de quase f\u00e9rias. \u201cEstou com muita saudade de trabalhar, estou sempre emendando um trabalho no outro. Mas \u00e9 o que temos que fazer, aguardar tudo passar, respeitar o distanciamento, se resguardar e se preparar para o retorno\u201d, acrescenta.<\/p>\n","protected":false},"excerpt":{"rendered":"<p>Em entrevista, Danton Mello fala da trajet\u00f3ria e dos impactos da pandemia no trabalho<\/p>\n","protected":false},"author":58,"featured_media":14688,"comment_status":"open","ping_status":"open","sticky":false,"template":"","format":"standard","meta":{"footnotes":""},"categories":[86],"tags":[3511,3513,1949,3512],"class_list":["post-14687","post","type-post","status-publish","format-standard","has-post-thumbnail","hentry","category-entrevista","tag-40-anos-de-carreira","tag-danton-mello","tag-hebe","tag-um-lugar-ao-sol"],"_links":{"self":[{"href":"https:\/\/blogs.correiobraziliense.com.br\/proximocapitulo\/wp-json\/wp\/v2\/posts\/14687","targetHints":{"allow":["GET"]}}],"collection":[{"href":"https:\/\/blogs.correiobraziliense.com.br\/proximocapitulo\/wp-json\/wp\/v2\/posts"}],"about":[{"href":"https:\/\/blogs.correiobraziliense.com.br\/proximocapitulo\/wp-json\/wp\/v2\/types\/post"}],"author":[{"embeddable":true,"href":"https:\/\/blogs.correiobraziliense.com.br\/proximocapitulo\/wp-json\/wp\/v2\/users\/58"}],"replies":[{"embeddable":true,"href":"https:\/\/blogs.correiobraziliense.com.br\/proximocapitulo\/wp-json\/wp\/v2\/comments?post=14687"}],"version-history":[{"count":1,"href":"https:\/\/blogs.correiobraziliense.com.br\/proximocapitulo\/wp-json\/wp\/v2\/posts\/14687\/revisions"}],"predecessor-version":[{"id":14690,"href":"https:\/\/blogs.correiobraziliense.com.br\/proximocapitulo\/wp-json\/wp\/v2\/posts\/14687\/revisions\/14690"}],"wp:featuredmedia":[{"embeddable":true,"href":"https:\/\/blogs.correiobraziliense.com.br\/proximocapitulo\/wp-json\/wp\/v2\/media\/14688"}],"wp:attachment":[{"href":"https:\/\/blogs.correiobraziliense.com.br\/proximocapitulo\/wp-json\/wp\/v2\/media?parent=14687"}],"wp:term":[{"taxonomy":"category","embeddable":true,"href":"https:\/\/blogs.correiobraziliense.com.br\/proximocapitulo\/wp-json\/wp\/v2\/categories?post=14687"},{"taxonomy":"post_tag","embeddable":true,"href":"https:\/\/blogs.correiobraziliense.com.br\/proximocapitulo\/wp-json\/wp\/v2\/tags?post=14687"}],"curies":[{"name":"wp","href":"https:\/\/api.w.org\/{rel}","templated":true}]}}