{"id":989,"date":"2019-10-10T14:00:10","date_gmt":"2019-10-10T14:00:10","guid":{"rendered":"https:\/\/blogs.correiobraziliense.com.br\/primeirainfancia\/?p=989"},"modified":"2019-10-10T00:45:32","modified_gmt":"2019-10-10T00:45:32","slug":"livro-infantil-apresenta-a-ecologia-para-as-criancas-de-um-modo-facil-e-divertido","status":"publish","type":"post","link":"https:\/\/blogs.correiobraziliense.com.br\/primeirainfancia\/2019\/10\/10\/livro-infantil-apresenta-a-ecologia-para-as-criancas-de-um-modo-facil-e-divertido\/","title":{"rendered":"Livro infantil apresenta a ecologia para as crian\u00e7as de um modo f\u00e1cil e divertido"},"content":{"rendered":"<p><em>Ecologia at\u00e9 na sopa<\/em>, das autoras argentinas Mariela Kogan e Ilena Lotersztain, com ilustra\u00e7\u00f5es de Pablo Picyk, prop\u00f5e uma narrativa fict\u00edcia, mas com informa\u00e7\u00f5es verdadeiras, que tem o intuito de apresentar para o p\u00fablico infantojuvenil a import\u00e2ncia da ecologia e da preserva\u00e7\u00e3o do meio ambiente. As p\u00e1ginas mostram como preservar a natureza afeta a vida de todos, independentemente da idade ou do lugar onde vivem.<\/p>\n<p><img loading=\"lazy\" decoding=\"async\" class=\"aligncenter size-full wp-image-990\" src=\"https:\/\/blogs.correiobraziliense.com.br\/primeirainfancia\/wp-content\/uploads\/sites\/49\/2019\/10\/1-1.jpg\" alt=\"\" width=\"750\" height=\"563\" srcset=\"https:\/\/blogs.correiobraziliense.com.br\/primeirainfancia\/wp-content\/uploads\/sites\/49\/2019\/10\/1-1.jpg 750w, https:\/\/blogs.correiobraziliense.com.br\/primeirainfancia\/wp-content\/uploads\/sites\/49\/2019\/10\/1-1-300x225.jpg 300w, https:\/\/blogs.correiobraziliense.com.br\/primeirainfancia\/wp-content\/uploads\/sites\/49\/2019\/10\/1-1-550x413.jpg 550w, https:\/\/blogs.correiobraziliense.com.br\/primeirainfancia\/wp-content\/uploads\/sites\/49\/2019\/10\/1-1-230x173.jpg 230w\" sizes=\"auto, (max-width: 750px) 100vw, 750px\" \/><\/p>\n<p>O livro conta a hist\u00f3ria de duas irm\u00e3s, Sofia e Violeta, que v\u00e3o passar a tarde com a tia Mariela. A partir de situa\u00e7\u00f5es cotidianas, a tia tira, de uma maneira divertida, as d\u00favidas que as sobrinhas t\u00eam em rela\u00e7\u00e3o \u00e0 ecologia.<\/p>\n<p>Ao decorrer das p\u00e1ginas, s\u00e3o apresentados temas como: por que sacolas pl\u00e1sticas s\u00e3o t\u00e3o perigosas, o que significa o aquecimento global, a import\u00e2ncia de economizar \u00e1gua e aonde a fuma\u00e7a dos carros vai parar. Os assuntos s\u00e3o tratados em uma linguagem did\u00e1tica e direta, fazendo com que o jovem leitor entenda com facilidade assuntos que n\u00e3o f\u00e1ceis de explicar.<\/p>\n<p><img loading=\"lazy\" decoding=\"async\" class=\"aligncenter size-full wp-image-991\" src=\"https:\/\/blogs.correiobraziliense.com.br\/primeirainfancia\/wp-content\/uploads\/sites\/49\/2019\/10\/2.jpg\" alt=\"\" width=\"750\" height=\"585\" srcset=\"https:\/\/blogs.correiobraziliense.com.br\/primeirainfancia\/wp-content\/uploads\/sites\/49\/2019\/10\/2.jpg 750w, https:\/\/blogs.correiobraziliense.com.br\/primeirainfancia\/wp-content\/uploads\/sites\/49\/2019\/10\/2-300x234.jpg 300w, https:\/\/blogs.correiobraziliense.com.br\/primeirainfancia\/wp-content\/uploads\/sites\/49\/2019\/10\/2-550x429.jpg 550w, https:\/\/blogs.correiobraziliense.com.br\/primeirainfancia\/wp-content\/uploads\/sites\/49\/2019\/10\/2-230x179.jpg 230w\" sizes=\"auto, (max-width: 750px) 100vw, 750px\" \/><\/p>\n<p>Todas as explica\u00e7\u00f5es s\u00e3o acompanhadas de ricas e coloridas ilustra\u00e7\u00f5es, contribuindo ainda mais para a compreens\u00e3o do tema. <em>Ecologia at\u00e9 na sopa<\/em> \u00e9 uma \u00f3tima dica de leitura para a crian\u00e7ada n\u00e3o s\u00f3 passar o tempo, mas tamb\u00e9m se informar e se conscientizar \u2014 e as menores, ainda n\u00e3o alfabetizadas, podem acompanhar com interm\u00e9dio de um leitor.<\/p>\n<p><img loading=\"lazy\" decoding=\"async\" class=\"aligncenter size-full wp-image-992\" src=\"https:\/\/blogs.correiobraziliense.com.br\/primeirainfancia\/wp-content\/uploads\/sites\/49\/2019\/10\/3.jpg\" alt=\"\" width=\"650\" height=\"650\" srcset=\"https:\/\/blogs.correiobraziliense.com.br\/primeirainfancia\/wp-content\/uploads\/sites\/49\/2019\/10\/3.jpg 650w, https:\/\/blogs.correiobraziliense.com.br\/primeirainfancia\/wp-content\/uploads\/sites\/49\/2019\/10\/3-150x150.jpg 150w, https:\/\/blogs.correiobraziliense.com.br\/primeirainfancia\/wp-content\/uploads\/sites\/49\/2019\/10\/3-300x300.jpg 300w, https:\/\/blogs.correiobraziliense.com.br\/primeirainfancia\/wp-content\/uploads\/sites\/49\/2019\/10\/3-550x550.jpg 550w, https:\/\/blogs.correiobraziliense.com.br\/primeirainfancia\/wp-content\/uploads\/sites\/49\/2019\/10\/3-230x230.jpg 230w\" sizes=\"auto, (max-width: 650px) 100vw, 650px\" \/><\/p>\n<p><strong><em>Ecologia at\u00e9 na sopa<\/em><\/strong><\/p>\n<p><strong>Autoras:<\/strong> Mariela Kogan e Ileana Lotersztain<\/p>\n<p><strong>Ilustrador:<\/strong> Pablo Picyk<\/p>\n<p><strong>Tradutora:<\/strong> Mell Brites<\/p>\n<p><strong>Editora:<\/strong> Companhia das Letrinhas<\/p>\n<p><strong>48<\/strong> p\u00e1ginas<\/p>\n<p><strong>R$<\/strong> 39,90<\/p>\n","protected":false},"excerpt":{"rendered":"<p>Ecologia at\u00e9 na sopa, das autoras argentinas Mariela Kogan e Ilena Lotersztain, com ilustra\u00e7\u00f5es de Pablo Picyk, prop\u00f5e uma narrativa fict\u00edcia, mas com informa\u00e7\u00f5es verdadeiras, que tem o intuito de apresentar para o p\u00fablico infantojuvenil a import\u00e2ncia da ecologia e da preserva\u00e7\u00e3o do meio ambiente. As p\u00e1ginas mostram como preservar a natureza afeta a vida de todos, independentemente da idade [&hellip;]<\/p>\n","protected":false},"author":106,"featured_media":990,"comment_status":"open","ping_status":"open","sticky":false,"template":"","format":"standard","meta":{"footnotes":""},"categories":[1],"tags":[211,30,33,212,213,214],"class_list":["post-989","post","type-post","status-publish","format-standard","has-post-thumbnail","hentry","category-sem-categoria","tag-ecologia","tag-livro","tag-livro-infantil","tag-meio-ambiente","tag-natureza","tag-preservacao"],"_links":{"self":[{"href":"https:\/\/blogs.correiobraziliense.com.br\/primeirainfancia\/wp-json\/wp\/v2\/posts\/989","targetHints":{"allow":["GET"]}}],"collection":[{"href":"https:\/\/blogs.correiobraziliense.com.br\/primeirainfancia\/wp-json\/wp\/v2\/posts"}],"about":[{"href":"https:\/\/blogs.correiobraziliense.com.br\/primeirainfancia\/wp-json\/wp\/v2\/types\/post"}],"author":[{"embeddable":true,"href":"https:\/\/blogs.correiobraziliense.com.br\/primeirainfancia\/wp-json\/wp\/v2\/users\/106"}],"replies":[{"embeddable":true,"href":"https:\/\/blogs.correiobraziliense.com.br\/primeirainfancia\/wp-json\/wp\/v2\/comments?post=989"}],"version-history":[{"count":1,"href":"https:\/\/blogs.correiobraziliense.com.br\/primeirainfancia\/wp-json\/wp\/v2\/posts\/989\/revisions"}],"predecessor-version":[{"id":993,"href":"https:\/\/blogs.correiobraziliense.com.br\/primeirainfancia\/wp-json\/wp\/v2\/posts\/989\/revisions\/993"}],"wp:featuredmedia":[{"embeddable":true,"href":"https:\/\/blogs.correiobraziliense.com.br\/primeirainfancia\/wp-json\/wp\/v2\/media\/990"}],"wp:attachment":[{"href":"https:\/\/blogs.correiobraziliense.com.br\/primeirainfancia\/wp-json\/wp\/v2\/media?parent=989"}],"wp:term":[{"taxonomy":"category","embeddable":true,"href":"https:\/\/blogs.correiobraziliense.com.br\/primeirainfancia\/wp-json\/wp\/v2\/categories?post=989"},{"taxonomy":"post_tag","embeddable":true,"href":"https:\/\/blogs.correiobraziliense.com.br\/primeirainfancia\/wp-json\/wp\/v2\/tags?post=989"}],"curies":[{"name":"wp","href":"https:\/\/api.w.org\/{rel}","templated":true}]}}