{"id":876,"date":"2019-09-02T22:52:03","date_gmt":"2019-09-02T22:52:03","guid":{"rendered":"https:\/\/blogs.correiobraziliense.com.br\/primeirainfancia\/?p=876"},"modified":"2019-09-02T22:52:03","modified_gmt":"2019-09-02T22:52:03","slug":"crescem-as-mortes-de-criancas-causadas-por-armas-de-fogo","status":"publish","type":"post","link":"https:\/\/blogs.correiobraziliense.com.br\/primeirainfancia\/2019\/09\/02\/crescem-as-mortes-de-criancas-causadas-por-armas-de-fogo\/","title":{"rendered":"Crescem as mortes de crian\u00e7as causadas por armas de fogo"},"content":{"rendered":"<p>O n\u00famero de acidentes fatais entre crian\u00e7as e adolescentes diminuiu entre 2016 e 2017, ao passo que cresceram as mortes causadas por armas de fogo. Caiu em 1,93% a mortalidade de crian\u00e7as e adolescentes por acidente no Brasil de 2016 para 2017. No mesmo per\u00edodo, as mortes acidentais causadas por armas de fogo aumentaram em 95%.<\/p>\n<p><img loading=\"lazy\" decoding=\"async\" class=\"aligncenter size-full wp-image-877\" src=\"https:\/\/blogs.correiobraziliense.com.br\/primeirainfancia\/wp-content\/uploads\/sites\/49\/2019\/09\/1.jpg\" alt=\"\" width=\"750\" height=\"500\" srcset=\"https:\/\/blogs.correiobraziliense.com.br\/primeirainfancia\/wp-content\/uploads\/sites\/49\/2019\/09\/1.jpg 750w, https:\/\/blogs.correiobraziliense.com.br\/primeirainfancia\/wp-content\/uploads\/sites\/49\/2019\/09\/1-300x200.jpg 300w, https:\/\/blogs.correiobraziliense.com.br\/primeirainfancia\/wp-content\/uploads\/sites\/49\/2019\/09\/1-550x367.jpg 550w, https:\/\/blogs.correiobraziliense.com.br\/primeirainfancia\/wp-content\/uploads\/sites\/49\/2019\/09\/1-230x153.jpg 230w\" sizes=\"auto, (max-width: 750px) 100vw, 750px\" \/><\/p>\n<p>Desde 2001, a mortalidade infantil e adolescente por acidentes diminuiu em mais de 40%. \u00c9 exatamente o per\u00edodo em que a organiza\u00e7\u00e3o n\u00e3o governamental (ONG) Crian\u00e7a Segura iniciou a atua\u00e7\u00e3o. Segundo a institui\u00e7\u00e3o, a redu\u00e7\u00e3o pode gerar esperan\u00e7a, mas ainda h\u00e1 muito a ser feito quando outra informa\u00e7\u00e3o \u00e9 observada: os acidentes ainda s\u00e3o a principal causa de \u00f3bitos entre crian\u00e7as e adolescentes de 1 a 14 anos, superando doen\u00e7as e viol\u00eancias.<\/p>\n<p>Os dados s\u00e3o do Departamento de Inform\u00e1tica do Sistema \u00danico de Sa\u00fade do Brasil (DataSUS) e foram analisados pela ONG Crian\u00e7a Segura. Os casos fatais de acidentes contabilizados passaram de 3.733 para 3.661. Essa foi a menor queda no n\u00famero de mortes acidentais de crian\u00e7as desde 2011.<\/p>\n<p>Segundo a ONG Crian\u00e7a Segura, o cen\u00e1rio deve ser observado pelo poder p\u00fablico em \u00e2mbito municipal, estadual e federal. A organiza\u00e7\u00e3o afirma que s\u00e3o necess\u00e1rias campanhas educativas cont\u00ednuas para a preven\u00e7\u00e3o de acidentes com crian\u00e7as e adolescentes no Brasil.<\/p>\n<p>Al\u00e9m de armas de fogo, outras causas de mortes acidentais aumentaram de 2016 para 2017: afogamentos (4,49%), queimaduras (3,83%) e intoxica\u00e7\u00e3o (6,76%). Os falecimentos por acidentes de tr\u00e2nsito, sufoca\u00e7\u00e3o e quedas diminu\u00edram. Ao analisar separadamente, a maior causa de mortes acidentais de beb\u00eas de at\u00e9 1 ano \u00e9 por sufocamento; de crian\u00e7as de 1 a 4 anos, por afogamento; e de 5 a 14 anos, pelo tr\u00e2nsito.<\/p>\n<p><img loading=\"lazy\" decoding=\"async\" class=\"aligncenter size-full wp-image-878\" src=\"https:\/\/blogs.correiobraziliense.com.br\/primeirainfancia\/wp-content\/uploads\/sites\/49\/2019\/09\/2.jpg\" alt=\"\" width=\"750\" height=\"500\" srcset=\"https:\/\/blogs.correiobraziliense.com.br\/primeirainfancia\/wp-content\/uploads\/sites\/49\/2019\/09\/2.jpg 750w, https:\/\/blogs.correiobraziliense.com.br\/primeirainfancia\/wp-content\/uploads\/sites\/49\/2019\/09\/2-300x200.jpg 300w, https:\/\/blogs.correiobraziliense.com.br\/primeirainfancia\/wp-content\/uploads\/sites\/49\/2019\/09\/2-550x367.jpg 550w, https:\/\/blogs.correiobraziliense.com.br\/primeirainfancia\/wp-content\/uploads\/sites\/49\/2019\/09\/2-230x153.jpg 230w\" sizes=\"auto, (max-width: 750px) 100vw, 750px\" \/><\/p>\n<h3>Aumento da mortalidade de crian\u00e7as e adolescentes por arma de fogo<\/h3>\n<p>As mortes acidentais de crian\u00e7as e adolescentes causadas por armas de fogo quase dobraram de 2016 para 2017, passando de 20 para 39 v\u00edtimas. Entre meninos e meninas de 1 a 4 anos, a quantidade de casos fatais subiu 350%, saindo de duas para nove mortes. Na faixa et\u00e1ria entre 5 e 9 anos, o aumento foi de 71,42% e, de 10 a 14 anos, mais 8,88% de casos foram registrados.<\/p>\n<p>Para a Crian\u00e7a Segura, esse dado \u00e9 preocupante e deve ser monitorado. A organiza\u00e7\u00e3o tamb\u00e9m destaca a mudan\u00e7a na legisla\u00e7\u00e3o, que pode facilitar o acesso a armas de fogo no Brasil e aumentar o \u00edndice de mortes de crian\u00e7as e adolescentes.<\/p>\n<h3>N\u00fameros no Distrito Federal<\/h3>\n<p>O DataSUS tamb\u00e9m divulgou os dados separados por estados e pelo Distrito Federal. A taxa de morte acidentais de crian\u00e7as e adolescentes, de zero a 14 anos, por 100 mil habitantes no DF \u00e9 de 8,04, maior que a m\u00e9dia brasileira (7,9).<\/p>\n<h3>Crian\u00e7a Segura<\/h3>\n<p>A ONG respons\u00e1vel pela an\u00e1lise \u00e9 dedicada \u00e0 preven\u00e7\u00e3o de acidentes com crian\u00e7as e adolescentes desde 2001 e faz parte da rede internacional Safe Kids Worldwide. A organiza\u00e7\u00e3o desenvolve a\u00e7\u00f5es de pol\u00edticas p\u00fablicas, comunica\u00e7\u00e3o e capacita\u00e7\u00e3o para evitar acidentes com crian\u00e7as. <a href=\"https:\/\/criancasegura.org.br\/\">Saiba mais no link.<\/a><\/p>\n","protected":false},"excerpt":{"rendered":"<p>O n\u00famero de acidentes fatais entre crian\u00e7as e adolescentes diminuiu entre 2016 e 2017, ao passo que cresceram as mortes causadas por armas de fogo. Caiu em 1,93% a mortalidade de crian\u00e7as e adolescentes por acidente no Brasil de 2016 para 2017. No mesmo per\u00edodo, as mortes acidentais causadas por armas de fogo aumentaram em 95%. Desde 2001, a mortalidade [&hellip;]<\/p>\n","protected":false},"author":106,"featured_media":877,"comment_status":"open","ping_status":"open","sticky":false,"template":"","format":"standard","meta":{"footnotes":""},"categories":[1],"tags":[],"class_list":["post-876","post","type-post","status-publish","format-standard","has-post-thumbnail","hentry","category-sem-categoria"],"_links":{"self":[{"href":"https:\/\/blogs.correiobraziliense.com.br\/primeirainfancia\/wp-json\/wp\/v2\/posts\/876","targetHints":{"allow":["GET"]}}],"collection":[{"href":"https:\/\/blogs.correiobraziliense.com.br\/primeirainfancia\/wp-json\/wp\/v2\/posts"}],"about":[{"href":"https:\/\/blogs.correiobraziliense.com.br\/primeirainfancia\/wp-json\/wp\/v2\/types\/post"}],"author":[{"embeddable":true,"href":"https:\/\/blogs.correiobraziliense.com.br\/primeirainfancia\/wp-json\/wp\/v2\/users\/106"}],"replies":[{"embeddable":true,"href":"https:\/\/blogs.correiobraziliense.com.br\/primeirainfancia\/wp-json\/wp\/v2\/comments?post=876"}],"version-history":[{"count":1,"href":"https:\/\/blogs.correiobraziliense.com.br\/primeirainfancia\/wp-json\/wp\/v2\/posts\/876\/revisions"}],"predecessor-version":[{"id":879,"href":"https:\/\/blogs.correiobraziliense.com.br\/primeirainfancia\/wp-json\/wp\/v2\/posts\/876\/revisions\/879"}],"wp:featuredmedia":[{"embeddable":true,"href":"https:\/\/blogs.correiobraziliense.com.br\/primeirainfancia\/wp-json\/wp\/v2\/media\/877"}],"wp:attachment":[{"href":"https:\/\/blogs.correiobraziliense.com.br\/primeirainfancia\/wp-json\/wp\/v2\/media?parent=876"}],"wp:term":[{"taxonomy":"category","embeddable":true,"href":"https:\/\/blogs.correiobraziliense.com.br\/primeirainfancia\/wp-json\/wp\/v2\/categories?post=876"},{"taxonomy":"post_tag","embeddable":true,"href":"https:\/\/blogs.correiobraziliense.com.br\/primeirainfancia\/wp-json\/wp\/v2\/tags?post=876"}],"curies":[{"name":"wp","href":"https:\/\/api.w.org\/{rel}","templated":true}]}}