{"id":828,"date":"2019-08-05T10:00:38","date_gmt":"2019-08-05T10:00:38","guid":{"rendered":"https:\/\/blogs.correiobraziliense.com.br\/primeirainfancia\/?p=828"},"modified":"2019-08-04T19:12:05","modified_gmt":"2019-08-04T19:12:05","slug":"odontopediatra-comenta-a-polemica-chupeta-que-pode-causar-desmame-precoce","status":"publish","type":"post","link":"https:\/\/blogs.correiobraziliense.com.br\/primeirainfancia\/2019\/08\/05\/odontopediatra-comenta-a-polemica-chupeta-que-pode-causar-desmame-precoce\/","title":{"rendered":"Odontopediatra comenta a pol\u00eamica chupeta, que pode causar desmame precoce"},"content":{"rendered":"<figure id=\"attachment_829\" aria-describedby=\"caption-attachment-829\" style=\"width: 749px\" class=\"wp-caption aligncenter\"><img loading=\"lazy\" decoding=\"async\" class=\"size-full wp-image-829\" src=\"https:\/\/blogs.correiobraziliense.com.br\/primeirainfancia\/wp-content\/uploads\/sites\/49\/2019\/08\/1-2.jpg\" alt=\"\" width=\"749\" height=\"500\" srcset=\"https:\/\/blogs.correiobraziliense.com.br\/primeirainfancia\/wp-content\/uploads\/sites\/49\/2019\/08\/1-2.jpg 749w, https:\/\/blogs.correiobraziliense.com.br\/primeirainfancia\/wp-content\/uploads\/sites\/49\/2019\/08\/1-2-300x200.jpg 300w, https:\/\/blogs.correiobraziliense.com.br\/primeirainfancia\/wp-content\/uploads\/sites\/49\/2019\/08\/1-2-550x367.jpg 550w, https:\/\/blogs.correiobraziliense.com.br\/primeirainfancia\/wp-content\/uploads\/sites\/49\/2019\/08\/1-2-230x154.jpg 230w\" sizes=\"auto, (max-width: 749px) 100vw, 749px\" \/><figcaption id=\"caption-attachment-829\" class=\"wp-caption-text\">Nos Estados Unidos usar chupeta \u00e9 uma recomenda\u00e7\u00e3o a partir do primeiro m\u00eas de vida. Aqui, n\u00e3o<\/figcaption><\/figure>\n<p>Estima-se que dois ter\u00e7os das m\u00e3es oferecer\u00e3o chupeta aos filhos em algum momento durante o primeiro ano de vida. A maior parte das crian\u00e7as recebe chupeta entre o primeiro e o s\u00e9timo dia de vida.<\/p>\n<p>De acordo com o odontopediatra Gabriel Politano, do <a href=\"http:\/\/atelieoral.com.br\/atelie-oral-kids\/espaco-kids\/\">Ateli\u00ea Oral Kids<\/a>\u00a0e diretor do Departamento de Odontologia para Gestantes e Neonatos da <a href=\"http:\/\/abodontopediatria.org.br\/site\/\">Associa\u00e7\u00e3o Brasileira de Odontopediatria<\/a>, o h\u00e1bito de usar o acess\u00f3rio continua no Brasil, mesmo com a proibi\u00e7\u00e3o da propaganda de chupetas no pa\u00eds pela Lei n\u00ba 11.265\/2006.<\/p>\n<p>Nos Estados Unidos, a Academia Norte-Americana de Pediatria passou a considerar positivo o uso da chupeta na hora de dormir somente a partir do primeiro m\u00eas de vida, com base em pesquisas que mostram que isso seria capaz de reduzir em at\u00e9 90% o n\u00famero de mortes s\u00fabitas. A morte s\u00fabita ocorre durante o sono, no primeiro ano de vida do beb\u00ea e n\u00e3o existe nenhum sinal pr\u00e9vio do risco.<\/p>\n<figure id=\"attachment_830\" aria-describedby=\"caption-attachment-830\" style=\"width: 750px\" class=\"wp-caption aligncenter\"><img loading=\"lazy\" decoding=\"async\" class=\"size-full wp-image-830\" src=\"https:\/\/blogs.correiobraziliense.com.br\/primeirainfancia\/wp-content\/uploads\/sites\/49\/2019\/08\/2-4.jpg\" alt=\"\" width=\"750\" height=\"500\" srcset=\"https:\/\/blogs.correiobraziliense.com.br\/primeirainfancia\/wp-content\/uploads\/sites\/49\/2019\/08\/2-4.jpg 750w, https:\/\/blogs.correiobraziliense.com.br\/primeirainfancia\/wp-content\/uploads\/sites\/49\/2019\/08\/2-4-300x200.jpg 300w, https:\/\/blogs.correiobraziliense.com.br\/primeirainfancia\/wp-content\/uploads\/sites\/49\/2019\/08\/2-4-550x367.jpg 550w, https:\/\/blogs.correiobraziliense.com.br\/primeirainfancia\/wp-content\/uploads\/sites\/49\/2019\/08\/2-4-230x153.jpg 230w\" sizes=\"auto, (max-width: 750px) 100vw, 750px\" \/><figcaption id=\"caption-attachment-830\" class=\"wp-caption-text\">O odontopediatra Gabriel Politano<\/figcaption><\/figure>\n<p>No Brasil, as recentes diretrizes da Sociedade Brasileira de Pediatria (SBP) consideram que o uso de chupetas em crian\u00e7as amamentadas atrapalha a denti\u00e7\u00e3o, a mastiga\u00e7\u00e3o e a degluti\u00e7\u00e3o, a respira\u00e7\u00e3o, a fala e a linguagem oral, podendo causar otite m\u00e9dia aguda e at\u00e9 a tend\u00eancia no futuro de v\u00edcios orais, como fumar ou comer compulsivamente.<\/p>\n<p>A principal preocupa\u00e7\u00e3o com o uso da chupeta desde os primeiros dias de vida \u00e9 o eventual risco de \u201cconfus\u00e3o de bico\u201d e desmame precoce, ou seja, quando a crian\u00e7a se acostuma com a suc\u00e7\u00e3o da chupeta e deixa o peito de lado.<\/p>\n<p>Na pr\u00e1tica, portanto, pode-se resumir tudo da seguinte forma, sempre com embasamento dos estudos publicados:<\/p>\n<p>&#8211; Se poss\u00edvel, evite o uso da chupeta de modo geral;<\/p>\n<p>&#8211; Evite-a, principalmente, no primeiro m\u00eas de vida;<\/p>\n<p>&#8211; Caso opte pela chupeta, \u00e9 fundamental usar uma com bico anat\u00f4mico e somente nos momentos de grande irrita\u00e7\u00e3o e sonecas;<\/p>\n<p>&#8211; \u00c9 preciso remover o h\u00e1bito por completo, no m\u00e1ximo, at\u00e9 os 2 anos de idade.<\/p>\n<p>Com essas considera\u00e7\u00f5es, as crian\u00e7as ter\u00e3o menos riscos de problemas esquel\u00e9ticos e musculares provocados pelo uso prolongado ou inadequado da chupeta. No entanto, o acompanhamento profissional \u00e9 importante devido \u00e0 predisposi\u00e7\u00e3o que algumas podem ter a altera\u00e7\u00f5es.<\/p>\n<h3>\nLeia amanh\u00e3!<\/h3>\n<p>Como se alimentar durante a amamenta\u00e7\u00e3o? Confira dicas nesta ter\u00e7a-feira (6)<\/p>\n","protected":false},"excerpt":{"rendered":"<p>Estima-se que dois ter\u00e7os das m\u00e3es oferecer\u00e3o chupeta aos filhos em algum momento durante o primeiro ano de vida. A maior parte das crian\u00e7as recebe chupeta entre o primeiro e o s\u00e9timo dia de vida. De acordo com o odontopediatra Gabriel Politano, do Ateli\u00ea Oral Kids\u00a0e diretor do Departamento de Odontologia para Gestantes e Neonatos da Associa\u00e7\u00e3o Brasileira de Odontopediatria, [&hellip;]<\/p>\n","protected":false},"author":106,"featured_media":829,"comment_status":"open","ping_status":"open","sticky":false,"template":"","format":"standard","meta":{"footnotes":""},"categories":[1],"tags":[48],"class_list":["post-828","post","type-post","status-publish","format-standard","has-post-thumbnail","hentry","category-sem-categoria","tag-amamentacao"],"_links":{"self":[{"href":"https:\/\/blogs.correiobraziliense.com.br\/primeirainfancia\/wp-json\/wp\/v2\/posts\/828","targetHints":{"allow":["GET"]}}],"collection":[{"href":"https:\/\/blogs.correiobraziliense.com.br\/primeirainfancia\/wp-json\/wp\/v2\/posts"}],"about":[{"href":"https:\/\/blogs.correiobraziliense.com.br\/primeirainfancia\/wp-json\/wp\/v2\/types\/post"}],"author":[{"embeddable":true,"href":"https:\/\/blogs.correiobraziliense.com.br\/primeirainfancia\/wp-json\/wp\/v2\/users\/106"}],"replies":[{"embeddable":true,"href":"https:\/\/blogs.correiobraziliense.com.br\/primeirainfancia\/wp-json\/wp\/v2\/comments?post=828"}],"version-history":[{"count":1,"href":"https:\/\/blogs.correiobraziliense.com.br\/primeirainfancia\/wp-json\/wp\/v2\/posts\/828\/revisions"}],"predecessor-version":[{"id":831,"href":"https:\/\/blogs.correiobraziliense.com.br\/primeirainfancia\/wp-json\/wp\/v2\/posts\/828\/revisions\/831"}],"wp:featuredmedia":[{"embeddable":true,"href":"https:\/\/blogs.correiobraziliense.com.br\/primeirainfancia\/wp-json\/wp\/v2\/media\/829"}],"wp:attachment":[{"href":"https:\/\/blogs.correiobraziliense.com.br\/primeirainfancia\/wp-json\/wp\/v2\/media?parent=828"}],"wp:term":[{"taxonomy":"category","embeddable":true,"href":"https:\/\/blogs.correiobraziliense.com.br\/primeirainfancia\/wp-json\/wp\/v2\/categories?post=828"},{"taxonomy":"post_tag","embeddable":true,"href":"https:\/\/blogs.correiobraziliense.com.br\/primeirainfancia\/wp-json\/wp\/v2\/tags?post=828"}],"curies":[{"name":"wp","href":"https:\/\/api.w.org\/{rel}","templated":true}]}}